{"id":4229,"date":"2026-04-30T10:48:53","date_gmt":"2026-04-30T07:48:53","guid":{"rendered":"https:\/\/edituracrimca.ro\/?p=4229"},"modified":"2026-04-30T10:52:00","modified_gmt":"2026-04-30T07:52:00","slug":"intalnirile-crimca-colocviu-istoric-si-lansare-de-carte-la-suceava-o-recuperare-a-memoriei-si-a-adevarului-despre-fondul-bisericesc-din-bucovina","status":"publish","type":"post","link":"https:\/\/edituracrimca.ro\/en\/intalnirile-crimca-colocviu-istoric-si-lansare-de-carte-la-suceava-o-recuperare-a-memoriei-si-a-adevarului-despre-fondul-bisericesc-din-bucovina\/","title":{"rendered":"\u00cent\u00e2lnirile Crimca \/ Colocviu istoric \u0219i lansare de carte la Suceava: o recuperare a memoriei \u0219i a adev\u0103rului despre Fondul Bisericesc din Bucovina"},"content":{"rendered":"<p><strong><em>Miercuri, 29 aprilie 2026, la Centrul cultural, educa\u021bional \u0219i social \u201eDosoftei Mitropolitul\u201d din Suceava, a avut loc colocviul istoric intitulat \u201eFondul religionar ortodox rom\u00e2n din Bucovina. 240 de ani de la \u00eenfiin\u021bare: genez\u0103, evolu\u021bie \u0219i rol istoric \u00een via\u021ba Bisericii \u0219i a Cet\u0103\u021bii\u201d, organizat cu binecuv\u00e2ntarea \u00cenaltpreasfin\u021bitului P\u0103rinte Calinic, de c\u0103tre Arhiepiscopia Sucevei \u0219i R\u0103d\u0103u\u021bilor, \u00een colaborare cu Institutul de Istorie \u201eGeorge Bari\u021biu\u201d al Academiei Rom\u00e2ne, filiala Cluj-Napoca.<\/em><\/strong><\/p>\n\n\n\n<p>Evenimentul a adus \u00eempreun\u0103 clerici, cercet\u0103tori \u0219i numero\u0219i iubitori ai istoriei Bisericii, \u00eentr-un demers comun de a \u00een\u021belege mai bine rolul pe care Fondul Bisericesc din Bucovina l-a avut \u00een via\u021ba eclesial\u0103, cultural\u0103 \u0219i social\u0103 a acestei regiuni.<\/p>\n\n\n\n<p>\u00cenc\u0103 de la \u00eenceput, \u00eent\u00e2lnirea a fost a\u0219ezat\u0103 sub semnul credin\u021bei, prin intonarea imnului pascal \u201eHristos a \u00eenviat!\u201d, gest care a dat tonul unei seri \u00een care reflec\u021bia academic\u0103 s-a \u00eempletit firesc cu con\u0219tiin\u021ba apartenen\u021bei la Biseric\u0103. &nbsp;<\/p>\n\n\n\n<p><strong>O institu\u021bie esen\u021bial\u0103 pentru istoria Bucovinei<\/strong><\/p>\n\n\n\n<p>\u00cen interven\u021biile sus\u021binute, a fost eviden\u021biat faptul c\u0103 Fondul Bisericesc, \u00eenfiin\u021bat \u00een anul 1783, a reprezentat o expresie concret\u0103 a grijii Bisericii pentru via\u021ba comunit\u0103\u021bii, concentr\u00e2nd \u00een sine mo\u0219tenirile m\u0103n\u0103stire\u0219ti \u0219i episcopale \u0219i sus\u021bin\u00e2nd, de-a lungul timpului, institu\u021biile centrale ale vie\u021bii biserice\u0219ti din Bucovina.<\/p>\n\n\n\n<p>Totodat\u0103, a fost subliniat momentul de ruptur\u0103 produs \u00een anul 1948, c\u00e2nd patrimoniul Fondului a fost confiscat \u00een mod abuziv de regimul comunist, fapt care a afectat profund autonomia \u0219i func\u021bionarea Bisericii \u00een aceast\u0103 parte de \u021bar\u0103. &nbsp;<\/p>\n\n\n\n<p>\u00cen contextul actual, Arhiepiscopia Sucevei \u0219i R\u0103d\u0103u\u021bilor continu\u0103 demersurile de recuperare a acestui patrimoniu, printr-o abordare serioas\u0103, bazat\u0103 pe documentare istoric\u0103 \u0219i argumenta\u021bie juridic\u0103 solid\u0103.<\/p>\n\n\n\n<p><strong>Contribu\u021bii academice \u0219i cercetare de arhiv\u0103<\/strong><\/p>\n\n\n\n<p>Un moment important al colocviului a fost conferin\u021ba sus\u021binut\u0103 de diac. Mircea-Gheorghe Abrudan, cercet\u0103tor la Institutul de Istorie \u201eGeorge Bari\u021biu\u201d. Prelegerea sa a adus \u00een prim-plan rezultatele unor cercet\u0103ri aprofundate \u00een arhivele din \u021bar\u0103 \u0219i din str\u0103in\u0103tate, oferind o imagine clar\u0103 asupra statutului real al Fondului Bisericesc \u0219i asupra caracterului abuziv al confisc\u0103rii sale.<\/p>\n\n\n\n<p>S-a eviden\u021biat, de asemenea, faptul c\u0103 aceste demersuri nu sunt unele conjuncturale, ci se sprijin\u0103 pe ani \u00eentregi de cercetare, pe consultarea atent\u0103 a documentelor \u0219i pe colaborarea dintre speciali\u0219ti din domenii diferite.<\/p>\n\n\n\n<p><strong>Lansarea volumului \u201eFondul Bisericesc din Bucovina (1783\u20131949)\u201d<\/strong><\/p>\n\n\n\n<p>\u00cent\u00e2lnirea a continuat cu lansarea volumului <em>\u201eFondul Bisericesc din Bucovina (1783\u20131949)\u201d<\/em>, semnat de pr. Sorin-Toader Clipa, ap\u0103rut la Editura Crimca.<\/p>\n\n\n\n<p>Autorul volumului, este paroh al Parohiei \u201eSf\u00e2ntul Ierarh Spiridon\u201d din Suceava \u0219i este cunoscut pentru rigoarea \u0219i perseveren\u021ba cu care a abordat acest subiect.&nbsp;<\/p>\n\n\n\n<p>Lucrarea, de peste 1000 de pagini, este rezultatul a peste dou\u0103 decenii de cercetare \u0219i reprezint\u0103 una dintre cele mai ample contribu\u021bii dedicate acestui subiect. Autorul reconstituie, cu rigoare \u0219i aten\u021bie la detalii, evolu\u021bia Fondului Bisericesc \u2013 de la momentul constituirii, p\u00e2n\u0103 la desfiin\u021barea sa \u00een perioada comunist\u0103 \u0219i la \u00eencerc\u0103rile contemporane de recuperare.<\/p>\n\n\n\n<p>Volumul este un instrument de lucru important pentru \u00een\u021belegerea cadrului juridic \u0219i institu\u021bional al acestei realit\u0103\u021bi, oferind o baz\u0103 solid\u0103 pentru demersurile actuale de redob\u00e2ndire a patrimoniului.&nbsp;<\/p>\n\n\n\n<p><strong>Un efort comun, dus mai departe<\/strong><\/p>\n\n\n\n<p>\u00cen \u00eencheiere, au fost adresate mul\u021bumiri tuturor celor implica\u021bi \u00een organizarea evenimentului: \u00cenaltpreasfin\u021bitului P\u0103rinte Calinic, invita\u021bilor, participan\u021bilor, echipei de organizare, precum \u0219i colectivului Editurii \u0219i Tipografiei Crimca pentru tip\u0103rirea volumului.<\/p>\n\n\n\n<p>Evenimentul a fost o \u00eent\u00e2lnire academic\u0103 \u0219i un nou prilej de a \u00een\u021belege mai bine o mo\u0219tenire care \u021bine at\u00e2t de Biseric\u0103, c\u00e2t \u0219i de \u00eentreaga societate. A fost o sear\u0103 \u00een care s-a vorbit deschis despre trecut, cu responsabilitate, dar \u0219i cu g\u00e2ndul la ceea ce avem de f\u0103cut mai departe.<\/p>\n\n\n\n<p>Volumul <em>\u201eFondul Bisericesc din Bucovina (1783\u20131949)\u201d<\/em> poate fi achizi\u021bionat de pe site-ul Editurii Crimca.<\/p>\n\n\n\n<p><\/p>\n\n\n\n<p class=\"has-text-align-center\">Preot Dr. \u0218tef\u0103nel-Stelian Ciurciun,<\/p>\n\n\n\n<p class=\"has-text-align-center\">Director al Departamentului Editur\u0103 \u0219i Tipografie&nbsp;<\/p>\n\n\n\n<figure class=\"wp-block-gallery has-nested-images columns-default is-cropped wp-block-gallery-1 is-layout-flex wp-block-gallery-is-layout-flex\">\n<figure class=\"wp-block-image size-large\"><img fetchpriority=\"high\" decoding=\"async\" width=\"1024\" height=\"768\" data-id=\"4235\" src=\"https:\/\/edituracrimca.ro\/wp-content\/uploads\/2026\/04\/IMG_0860-1-1024x768.avif\" alt=\"\" class=\"wp-image-4235\" srcset=\"https:\/\/edituracrimca.ro\/wp-content\/uploads\/2026\/04\/IMG_0860-1-1024x768.avif 1024w, https:\/\/edituracrimca.ro\/wp-content\/uploads\/2026\/04\/IMG_0860-1-300x225.avif 300w, https:\/\/edituracrimca.ro\/wp-content\/uploads\/2026\/04\/IMG_0860-1-768x576.avif 768w, https:\/\/edituracrimca.ro\/wp-content\/uploads\/2026\/04\/IMG_0860-1-1536x1152.avif 1536w, https:\/\/edituracrimca.ro\/wp-content\/uploads\/2026\/04\/IMG_0860-1-2048x1536.avif 2048w, https:\/\/edituracrimca.ro\/wp-content\/uploads\/2026\/04\/IMG_0860-1-16x12.avif 16w, https:\/\/edituracrimca.ro\/wp-content\/uploads\/2026\/04\/IMG_0860-1-600x450.avif 600w\" sizes=\"(max-width: 1024px) 100vw, 1024px\" \/><\/figure>\n\n\n\n<figure class=\"wp-block-image size-large\"><img decoding=\"async\" width=\"1024\" height=\"768\" data-id=\"4234\" src=\"https:\/\/edituracrimca.ro\/wp-content\/uploads\/2026\/04\/IMG_0862-1024x768.avif\" alt=\"\" class=\"wp-image-4234\" srcset=\"https:\/\/edituracrimca.ro\/wp-content\/uploads\/2026\/04\/IMG_0862-1024x768.avif 1024w, https:\/\/edituracrimca.ro\/wp-content\/uploads\/2026\/04\/IMG_0862-300x225.avif 300w, https:\/\/edituracrimca.ro\/wp-content\/uploads\/2026\/04\/IMG_0862-768x576.avif 768w, https:\/\/edituracrimca.ro\/wp-content\/uploads\/2026\/04\/IMG_0862-1536x1152.avif 1536w, https:\/\/edituracrimca.ro\/wp-content\/uploads\/2026\/04\/IMG_0862-2048x1536.avif 2048w, https:\/\/edituracrimca.ro\/wp-content\/uploads\/2026\/04\/IMG_0862-16x12.avif 16w, https:\/\/edituracrimca.ro\/wp-content\/uploads\/2026\/04\/IMG_0862-600x450.avif 600w\" sizes=\"(max-width: 1024px) 100vw, 1024px\" \/><\/figure>\n\n\n\n<figure class=\"wp-block-image size-large\"><img decoding=\"async\" width=\"1024\" height=\"768\" data-id=\"4231\" src=\"https:\/\/edituracrimca.ro\/wp-content\/uploads\/2026\/04\/IMG_0864-1024x768.avif\" alt=\"\" class=\"wp-image-4231\" srcset=\"https:\/\/edituracrimca.ro\/wp-content\/uploads\/2026\/04\/IMG_0864-1024x768.avif 1024w, https:\/\/edituracrimca.ro\/wp-content\/uploads\/2026\/04\/IMG_0864-300x225.avif 300w, https:\/\/edituracrimca.ro\/wp-content\/uploads\/2026\/04\/IMG_0864-768x576.avif 768w, https:\/\/edituracrimca.ro\/wp-content\/uploads\/2026\/04\/IMG_0864-1536x1152.avif 1536w, https:\/\/edituracrimca.ro\/wp-content\/uploads\/2026\/04\/IMG_0864-2048x1536.avif 2048w, https:\/\/edituracrimca.ro\/wp-content\/uploads\/2026\/04\/IMG_0864-16x12.avif 16w, https:\/\/edituracrimca.ro\/wp-content\/uploads\/2026\/04\/IMG_0864-600x450.avif 600w\" sizes=\"(max-width: 1024px) 100vw, 1024px\" \/><\/figure>\n\n\n\n<figure class=\"wp-block-image size-large\"><img loading=\"lazy\" decoding=\"async\" width=\"1024\" height=\"768\" data-id=\"4232\" src=\"https:\/\/edituracrimca.ro\/wp-content\/uploads\/2026\/04\/IMG_0865-1024x768.avif\" alt=\"\" class=\"wp-image-4232\" srcset=\"https:\/\/edituracrimca.ro\/wp-content\/uploads\/2026\/04\/IMG_0865-1024x768.avif 1024w, https:\/\/edituracrimca.ro\/wp-content\/uploads\/2026\/04\/IMG_0865-300x225.avif 300w, https:\/\/edituracrimca.ro\/wp-content\/uploads\/2026\/04\/IMG_0865-768x576.avif 768w, https:\/\/edituracrimca.ro\/wp-content\/uploads\/2026\/04\/IMG_0865-1536x1152.avif 1536w, https:\/\/edituracrimca.ro\/wp-content\/uploads\/2026\/04\/IMG_0865-2048x1536.avif 2048w, https:\/\/edituracrimca.ro\/wp-content\/uploads\/2026\/04\/IMG_0865-16x12.avif 16w, https:\/\/edituracrimca.ro\/wp-content\/uploads\/2026\/04\/IMG_0865-600x450.avif 600w\" sizes=\"(max-width: 1024px) 100vw, 1024px\" \/><\/figure>\n\n\n\n<figure class=\"wp-block-image size-large\"><img loading=\"lazy\" decoding=\"async\" width=\"1024\" height=\"768\" data-id=\"4237\" src=\"https:\/\/edituracrimca.ro\/wp-content\/uploads\/2026\/04\/IMG_0866-1024x768.avif\" alt=\"\" class=\"wp-image-4237\" srcset=\"https:\/\/edituracrimca.ro\/wp-content\/uploads\/2026\/04\/IMG_0866-1024x768.avif 1024w, https:\/\/edituracrimca.ro\/wp-content\/uploads\/2026\/04\/IMG_0866-300x225.avif 300w, https:\/\/edituracrimca.ro\/wp-content\/uploads\/2026\/04\/IMG_0866-768x576.avif 768w, https:\/\/edituracrimca.ro\/wp-content\/uploads\/2026\/04\/IMG_0866-1536x1152.avif 1536w, https:\/\/edituracrimca.ro\/wp-content\/uploads\/2026\/04\/IMG_0866-2048x1536.avif 2048w, https:\/\/edituracrimca.ro\/wp-content\/uploads\/2026\/04\/IMG_0866-16x12.avif 16w, https:\/\/edituracrimca.ro\/wp-content\/uploads\/2026\/04\/IMG_0866-600x450.avif 600w\" sizes=\"(max-width: 1024px) 100vw, 1024px\" \/><\/figure>\n\n\n\n<figure class=\"wp-block-image size-large\"><img loading=\"lazy\" decoding=\"async\" width=\"1024\" height=\"768\" data-id=\"4236\" src=\"https:\/\/edituracrimca.ro\/wp-content\/uploads\/2026\/04\/IMG_0869-1024x768.avif\" alt=\"\" class=\"wp-image-4236\" srcset=\"https:\/\/edituracrimca.ro\/wp-content\/uploads\/2026\/04\/IMG_0869-1024x768.avif 1024w, https:\/\/edituracrimca.ro\/wp-content\/uploads\/2026\/04\/IMG_0869-300x225.avif 300w, https:\/\/edituracrimca.ro\/wp-content\/uploads\/2026\/04\/IMG_0869-768x576.avif 768w, https:\/\/edituracrimca.ro\/wp-content\/uploads\/2026\/04\/IMG_0869-1536x1152.avif 1536w, https:\/\/edituracrimca.ro\/wp-content\/uploads\/2026\/04\/IMG_0869-2048x1536.avif 2048w, https:\/\/edituracrimca.ro\/wp-content\/uploads\/2026\/04\/IMG_0869-16x12.avif 16w, https:\/\/edituracrimca.ro\/wp-content\/uploads\/2026\/04\/IMG_0869-600x450.avif 600w\" sizes=\"(max-width: 1024px) 100vw, 1024px\" \/><\/figure>\n\n\n\n<figure class=\"wp-block-image size-large\"><img loading=\"lazy\" decoding=\"async\" width=\"1024\" height=\"768\" data-id=\"4233\" src=\"https:\/\/edituracrimca.ro\/wp-content\/uploads\/2026\/04\/IMG_0870-1024x768.avif\" alt=\"\" class=\"wp-image-4233\" srcset=\"https:\/\/edituracrimca.ro\/wp-content\/uploads\/2026\/04\/IMG_0870-1024x768.avif 1024w, https:\/\/edituracrimca.ro\/wp-content\/uploads\/2026\/04\/IMG_0870-300x225.avif 300w, https:\/\/edituracrimca.ro\/wp-content\/uploads\/2026\/04\/IMG_0870-768x576.avif 768w, https:\/\/edituracrimca.ro\/wp-content\/uploads\/2026\/04\/IMG_0870-1536x1152.avif 1536w, https:\/\/edituracrimca.ro\/wp-content\/uploads\/2026\/04\/IMG_0870-2048x1536.avif 2048w, https:\/\/edituracrimca.ro\/wp-content\/uploads\/2026\/04\/IMG_0870-16x12.avif 16w, https:\/\/edituracrimca.ro\/wp-content\/uploads\/2026\/04\/IMG_0870-600x450.avif 600w\" sizes=\"(max-width: 1024px) 100vw, 1024px\" \/><\/figure>\n<\/figure>","protected":false},"excerpt":{"rendered":"<p>Miercuri, 29 aprilie 2026, la Centrul cultural, educa\u021bional \u0219i social \u201eDosoftei Mitropolitul\u201d din Suceava, a avut loc colocviul istoric intitulat \u201eFondul religionar ortodox rom\u00e2n din Bucovina. 240 de ani de la \u00eenfiin\u021bare: genez\u0103, evolu\u021bie \u0219i rol istoric \u00een via\u021ba Bisericii \u0219i a Cet\u0103\u021bii\u201d, organizat cu binecuv\u00e2ntarea \u00cenaltpreasfin\u021bitului P\u0103rinte Calinic, de c\u0103tre Arhiepiscopia Sucevei \u0219i R\u0103d\u0103u\u021bilor, [&hellip;]<\/p>\n","protected":false},"author":1,"featured_media":4230,"comment_status":"open","ping_status":"open","sticky":false,"template":"","format":"standard","meta":{"_acf_changed":false,"footnotes":""},"categories":[50],"tags":[],"class_list":["post-4229","post","type-post","status-publish","format-standard","has-post-thumbnail","hentry","category-evenimente"],"acf":[],"yoast_head":"<!-- This site is optimized with the Yoast SEO Premium plugin v27.4 (Yoast SEO v27.4) - https:\/\/yoast.com\/product\/yoast-seo-premium-wordpress\/ -->\n<title>\u00cent\u00e2lnirile Crimca \/ Colocviu istoric \u0219i lansare de carte la Suceava: o recuperare a memoriei \u0219i a adev\u0103rului despre Fondul Bisericesc din Bucovina - Editura CRIMCA<\/title>\n<meta name=\"robots\" content=\"index, follow, max-snippet:-1, max-image-preview:large, max-video-preview:-1\" \/>\n<link rel=\"canonical\" href=\"https:\/\/edituracrimca.ro\/en\/intalnirile-crimca-colocviu-istoric-si-lansare-de-carte-la-suceava-o-recuperare-a-memoriei-si-a-adevarului-despre-fondul-bisericesc-din-bucovina\/\" \/>\n<meta property=\"og:locale\" content=\"en_US\" \/>\n<meta property=\"og:type\" content=\"article\" \/>\n<meta property=\"og:title\" content=\"\u00cent\u00e2lnirile Crimca \/ Colocviu istoric \u0219i lansare de carte la Suceava: o recuperare a memoriei \u0219i a adev\u0103rului despre Fondul Bisericesc din Bucovina\" \/>\n<meta property=\"og:description\" content=\"Miercuri, 29 aprilie 2026, la Centrul cultural, educa\u021bional \u0219i social \u201eDosoftei Mitropolitul\u201d din Suceava, a avut loc colocviul istoric intitulat \u201eFondul religionar ortodox rom\u00e2n din Bucovina. 240 de ani de la \u00eenfiin\u021bare: genez\u0103, evolu\u021bie \u0219i rol istoric \u00een via\u021ba Bisericii \u0219i a Cet\u0103\u021bii\u201d, organizat cu binecuv\u00e2ntarea \u00cenaltpreasfin\u021bitului P\u0103rinte Calinic, de c\u0103tre Arhiepiscopia Sucevei \u0219i R\u0103d\u0103u\u021bilor, [&hellip;]\" \/>\n<meta property=\"og:url\" content=\"https:\/\/edituracrimca.ro\/en\/intalnirile-crimca-colocviu-istoric-si-lansare-de-carte-la-suceava-o-recuperare-a-memoriei-si-a-adevarului-despre-fondul-bisericesc-din-bucovina\/\" \/>\n<meta property=\"og:site_name\" content=\"Editura CRIMCA\" \/>\n<meta property=\"article:publisher\" content=\"https:\/\/web.facebook.com\/EdCrimca\" \/>\n<meta property=\"article:published_time\" content=\"2026-04-30T07:48:53+00:00\" \/>\n<meta property=\"article:modified_time\" content=\"2026-04-30T07:52:00+00:00\" \/>\n<meta property=\"og:image\" content=\"https:\/\/edituracrimca.ro\/wp-content\/uploads\/2026\/04\/IMG_0860-scaled.avif\" \/>\n\t<meta property=\"og:image:width\" content=\"2560\" \/>\n\t<meta property=\"og:image:height\" content=\"1920\" \/>\n\t<meta property=\"og:image:type\" content=\"image\/jpeg\" \/>\n<meta name=\"author\" content=\"Redac\u021bia Crimca\" \/>\n<meta name=\"twitter:card\" content=\"summary_large_image\" \/>\n<meta name=\"twitter:label1\" content=\"Written by\" \/>\n\t<meta name=\"twitter:data1\" content=\"Redac\u021bia Crimca\" \/>\n\t<meta name=\"twitter:label2\" content=\"Est. reading time\" \/>\n\t<meta name=\"twitter:data2\" content=\"5 minutes\" \/>\n<script type=\"application\/ld+json\" class=\"yoast-schema-graph\">{\"@context\":\"https:\\\/\\\/schema.org\",\"@graph\":[{\"@type\":\"Article\",\"@id\":\"https:\\\/\\\/edituracrimca.ro\\\/intalnirile-crimca-colocviu-istoric-si-lansare-de-carte-la-suceava-o-recuperare-a-memoriei-si-a-adevarului-despre-fondul-bisericesc-din-bucovina\\\/#article\",\"isPartOf\":{\"@id\":\"https:\\\/\\\/edituracrimca.ro\\\/intalnirile-crimca-colocviu-istoric-si-lansare-de-carte-la-suceava-o-recuperare-a-memoriei-si-a-adevarului-despre-fondul-bisericesc-din-bucovina\\\/\"},\"author\":{\"name\":\"Redac\u021bia Crimca\",\"@id\":\"https:\\\/\\\/edituracrimca.ro\\\/#\\\/schema\\\/person\\\/5b7f887204bde5d4dbc2b5c8bb69494d\"},\"headline\":\"\u00cent\u00e2lnirile Crimca \\\/ Colocviu istoric \u0219i lansare de carte la Suceava: o recuperare a memoriei \u0219i a adev\u0103rului despre Fondul Bisericesc din Bucovina\",\"datePublished\":\"2026-04-30T07:48:53+00:00\",\"dateModified\":\"2026-04-30T07:52:00+00:00\",\"mainEntityOfPage\":{\"@id\":\"https:\\\/\\\/edituracrimca.ro\\\/intalnirile-crimca-colocviu-istoric-si-lansare-de-carte-la-suceava-o-recuperare-a-memoriei-si-a-adevarului-despre-fondul-bisericesc-din-bucovina\\\/\"},\"wordCount\":702,\"commentCount\":0,\"publisher\":{\"@id\":\"https:\\\/\\\/edituracrimca.ro\\\/#organization\"},\"image\":{\"@id\":\"https:\\\/\\\/edituracrimca.ro\\\/intalnirile-crimca-colocviu-istoric-si-lansare-de-carte-la-suceava-o-recuperare-a-memoriei-si-a-adevarului-despre-fondul-bisericesc-din-bucovina\\\/#primaryimage\"},\"thumbnailUrl\":\"https:\\\/\\\/edituracrimca.ro\\\/wp-content\\\/uploads\\\/2026\\\/04\\\/IMG_0860-scaled.avif\",\"articleSection\":[\"Evenimente\"],\"inLanguage\":\"en-US\",\"potentialAction\":[{\"@type\":\"CommentAction\",\"name\":\"Comment\",\"target\":[\"https:\\\/\\\/edituracrimca.ro\\\/intalnirile-crimca-colocviu-istoric-si-lansare-de-carte-la-suceava-o-recuperare-a-memoriei-si-a-adevarului-despre-fondul-bisericesc-din-bucovina\\\/#respond\"]}]},{\"@type\":\"WebPage\",\"@id\":\"https:\\\/\\\/edituracrimca.ro\\\/intalnirile-crimca-colocviu-istoric-si-lansare-de-carte-la-suceava-o-recuperare-a-memoriei-si-a-adevarului-despre-fondul-bisericesc-din-bucovina\\\/\",\"url\":\"https:\\\/\\\/edituracrimca.ro\\\/intalnirile-crimca-colocviu-istoric-si-lansare-de-carte-la-suceava-o-recuperare-a-memoriei-si-a-adevarului-despre-fondul-bisericesc-din-bucovina\\\/\",\"name\":\"\u00cent\u00e2lnirile Crimca \\\/ Colocviu istoric \u0219i lansare de carte la Suceava: o recuperare a memoriei \u0219i a adev\u0103rului despre Fondul Bisericesc din Bucovina - Editura CRIMCA\",\"isPartOf\":{\"@id\":\"https:\\\/\\\/edituracrimca.ro\\\/#website\"},\"primaryImageOfPage\":{\"@id\":\"https:\\\/\\\/edituracrimca.ro\\\/intalnirile-crimca-colocviu-istoric-si-lansare-de-carte-la-suceava-o-recuperare-a-memoriei-si-a-adevarului-despre-fondul-bisericesc-din-bucovina\\\/#primaryimage\"},\"image\":{\"@id\":\"https:\\\/\\\/edituracrimca.ro\\\/intalnirile-crimca-colocviu-istoric-si-lansare-de-carte-la-suceava-o-recuperare-a-memoriei-si-a-adevarului-despre-fondul-bisericesc-din-bucovina\\\/#primaryimage\"},\"thumbnailUrl\":\"https:\\\/\\\/edituracrimca.ro\\\/wp-content\\\/uploads\\\/2026\\\/04\\\/IMG_0860-scaled.avif\",\"datePublished\":\"2026-04-30T07:48:53+00:00\",\"dateModified\":\"2026-04-30T07:52:00+00:00\",\"breadcrumb\":{\"@id\":\"https:\\\/\\\/edituracrimca.ro\\\/intalnirile-crimca-colocviu-istoric-si-lansare-de-carte-la-suceava-o-recuperare-a-memoriei-si-a-adevarului-despre-fondul-bisericesc-din-bucovina\\\/#breadcrumb\"},\"inLanguage\":\"en-US\",\"potentialAction\":[{\"@type\":\"ReadAction\",\"target\":[\"https:\\\/\\\/edituracrimca.ro\\\/intalnirile-crimca-colocviu-istoric-si-lansare-de-carte-la-suceava-o-recuperare-a-memoriei-si-a-adevarului-despre-fondul-bisericesc-din-bucovina\\\/\"]}]},{\"@type\":\"ImageObject\",\"inLanguage\":\"en-US\",\"@id\":\"https:\\\/\\\/edituracrimca.ro\\\/intalnirile-crimca-colocviu-istoric-si-lansare-de-carte-la-suceava-o-recuperare-a-memoriei-si-a-adevarului-despre-fondul-bisericesc-din-bucovina\\\/#primaryimage\",\"url\":\"https:\\\/\\\/edituracrimca.ro\\\/wp-content\\\/uploads\\\/2026\\\/04\\\/IMG_0860-scaled.avif\",\"contentUrl\":\"https:\\\/\\\/edituracrimca.ro\\\/wp-content\\\/uploads\\\/2026\\\/04\\\/IMG_0860-scaled.avif\",\"width\":2560,\"height\":1920},{\"@type\":\"BreadcrumbList\",\"@id\":\"https:\\\/\\\/edituracrimca.ro\\\/intalnirile-crimca-colocviu-istoric-si-lansare-de-carte-la-suceava-o-recuperare-a-memoriei-si-a-adevarului-despre-fondul-bisericesc-din-bucovina\\\/#breadcrumb\",\"itemListElement\":[{\"@type\":\"ListItem\",\"position\":1,\"name\":\"Prima pagin\u0103\",\"item\":\"https:\\\/\\\/edituracrimca.ro\\\/\"},{\"@type\":\"ListItem\",\"position\":2,\"name\":\"\u00cent\u00e2lnirile Crimca \\\/ Colocviu istoric \u0219i lansare de carte la Suceava: o recuperare a memoriei \u0219i a adev\u0103rului despre Fondul Bisericesc din Bucovina\"}]},{\"@type\":\"WebSite\",\"@id\":\"https:\\\/\\\/edituracrimca.ro\\\/#website\",\"url\":\"https:\\\/\\\/edituracrimca.ro\\\/\",\"name\":\"Editura CRIMCA\",\"description\":\"Cuv\u00e2ntul care Zide\u0219te\",\"publisher\":{\"@id\":\"https:\\\/\\\/edituracrimca.ro\\\/#organization\"},\"potentialAction\":[{\"@type\":\"SearchAction\",\"target\":{\"@type\":\"EntryPoint\",\"urlTemplate\":\"https:\\\/\\\/edituracrimca.ro\\\/?s={search_term_string}\"},\"query-input\":{\"@type\":\"PropertyValueSpecification\",\"valueRequired\":true,\"valueName\":\"search_term_string\"}}],\"inLanguage\":\"en-US\"},{\"@type\":\"Organization\",\"@id\":\"https:\\\/\\\/edituracrimca.ro\\\/#organization\",\"name\":\"Editura CRIMCA\",\"url\":\"https:\\\/\\\/edituracrimca.ro\\\/\",\"logo\":{\"@type\":\"ImageObject\",\"inLanguage\":\"en-US\",\"@id\":\"https:\\\/\\\/edituracrimca.ro\\\/#\\\/schema\\\/logo\\\/image\\\/\",\"url\":\"https:\\\/\\\/edituracrimca.ro\\\/wp-content\\\/uploads\\\/2026\\\/04\\\/editura-crimca.svg\",\"contentUrl\":\"https:\\\/\\\/edituracrimca.ro\\\/wp-content\\\/uploads\\\/2026\\\/04\\\/editura-crimca.svg\",\"width\":601,\"height\":206,\"caption\":\"Editura CRIMCA\"},\"image\":{\"@id\":\"https:\\\/\\\/edituracrimca.ro\\\/#\\\/schema\\\/logo\\\/image\\\/\"},\"sameAs\":[\"https:\\\/\\\/web.facebook.com\\\/EdCrimca\",\"https:\\\/\\\/www.instagram.com\\\/jurnalculturalcrimca\\\/\"]},{\"@type\":\"Person\",\"@id\":\"https:\\\/\\\/edituracrimca.ro\\\/#\\\/schema\\\/person\\\/5b7f887204bde5d4dbc2b5c8bb69494d\",\"name\":\"Redac\u021bia Crimca\",\"image\":{\"@type\":\"ImageObject\",\"inLanguage\":\"en-US\",\"@id\":\"https:\\\/\\\/secure.gravatar.com\\\/avatar\\\/6601f5df8e430f79765c73046ffb89c63ac0d515cb35f47fb5cc9d2386d86ba8?s=96&d=mm&r=g\",\"url\":\"https:\\\/\\\/secure.gravatar.com\\\/avatar\\\/6601f5df8e430f79765c73046ffb89c63ac0d515cb35f47fb5cc9d2386d86ba8?s=96&d=mm&r=g\",\"contentUrl\":\"https:\\\/\\\/secure.gravatar.com\\\/avatar\\\/6601f5df8e430f79765c73046ffb89c63ac0d515cb35f47fb5cc9d2386d86ba8?s=96&d=mm&r=g\",\"caption\":\"Redac\u021bia Crimca\"},\"sameAs\":[\"https:\\\/\\\/edituracrimca.ro\"],\"url\":\"https:\\\/\\\/edituracrimca.ro\\\/en\\\/author\\\/admin_lmlz7ose\\\/\"}]}<\/script>\n<!-- \/ Yoast SEO Premium plugin. -->","yoast_head_json":{"title":"\u00cent\u00e2lnirile Crimca \/ Colocviu istoric \u0219i lansare de carte la Suceava: o recuperare a memoriei \u0219i a adev\u0103rului despre Fondul Bisericesc din Bucovina - Editura CRIMCA","robots":{"index":"index","follow":"follow","max-snippet":"max-snippet:-1","max-image-preview":"max-image-preview:large","max-video-preview":"max-video-preview:-1"},"canonical":"https:\/\/edituracrimca.ro\/en\/intalnirile-crimca-colocviu-istoric-si-lansare-de-carte-la-suceava-o-recuperare-a-memoriei-si-a-adevarului-despre-fondul-bisericesc-din-bucovina\/","og_locale":"en_US","og_type":"article","og_title":"\u00cent\u00e2lnirile Crimca \/ Colocviu istoric \u0219i lansare de carte la Suceava: o recuperare a memoriei \u0219i a adev\u0103rului despre Fondul Bisericesc din Bucovina","og_description":"Miercuri, 29 aprilie 2026, la Centrul cultural, educa\u021bional \u0219i social \u201eDosoftei Mitropolitul\u201d din Suceava, a avut loc colocviul istoric intitulat \u201eFondul religionar ortodox rom\u00e2n din Bucovina. 240 de ani de la \u00eenfiin\u021bare: genez\u0103, evolu\u021bie \u0219i rol istoric \u00een via\u021ba Bisericii \u0219i a Cet\u0103\u021bii\u201d, organizat cu binecuv\u00e2ntarea \u00cenaltpreasfin\u021bitului P\u0103rinte Calinic, de c\u0103tre Arhiepiscopia Sucevei \u0219i R\u0103d\u0103u\u021bilor, [&hellip;]","og_url":"https:\/\/edituracrimca.ro\/en\/intalnirile-crimca-colocviu-istoric-si-lansare-de-carte-la-suceava-o-recuperare-a-memoriei-si-a-adevarului-despre-fondul-bisericesc-din-bucovina\/","og_site_name":"Editura CRIMCA","article_publisher":"https:\/\/web.facebook.com\/EdCrimca","article_published_time":"2026-04-30T07:48:53+00:00","article_modified_time":"2026-04-30T07:52:00+00:00","og_image":[{"width":2560,"height":1920,"url":"https:\/\/edituracrimca.ro\/wp-content\/uploads\/2026\/04\/IMG_0860-scaled.avif","type":"image\/jpeg"}],"author":"Redac\u021bia Crimca","twitter_card":"summary_large_image","twitter_misc":{"Written by":"Redac\u021bia Crimca","Est. reading time":"5 minutes"},"schema":{"@context":"https:\/\/schema.org","@graph":[{"@type":"Article","@id":"https:\/\/edituracrimca.ro\/intalnirile-crimca-colocviu-istoric-si-lansare-de-carte-la-suceava-o-recuperare-a-memoriei-si-a-adevarului-despre-fondul-bisericesc-din-bucovina\/#article","isPartOf":{"@id":"https:\/\/edituracrimca.ro\/intalnirile-crimca-colocviu-istoric-si-lansare-de-carte-la-suceava-o-recuperare-a-memoriei-si-a-adevarului-despre-fondul-bisericesc-din-bucovina\/"},"author":{"name":"Redac\u021bia Crimca","@id":"https:\/\/edituracrimca.ro\/#\/schema\/person\/5b7f887204bde5d4dbc2b5c8bb69494d"},"headline":"\u00cent\u00e2lnirile Crimca \/ Colocviu istoric \u0219i lansare de carte la Suceava: o recuperare a memoriei \u0219i a adev\u0103rului despre Fondul Bisericesc din Bucovina","datePublished":"2026-04-30T07:48:53+00:00","dateModified":"2026-04-30T07:52:00+00:00","mainEntityOfPage":{"@id":"https:\/\/edituracrimca.ro\/intalnirile-crimca-colocviu-istoric-si-lansare-de-carte-la-suceava-o-recuperare-a-memoriei-si-a-adevarului-despre-fondul-bisericesc-din-bucovina\/"},"wordCount":702,"commentCount":0,"publisher":{"@id":"https:\/\/edituracrimca.ro\/#organization"},"image":{"@id":"https:\/\/edituracrimca.ro\/intalnirile-crimca-colocviu-istoric-si-lansare-de-carte-la-suceava-o-recuperare-a-memoriei-si-a-adevarului-despre-fondul-bisericesc-din-bucovina\/#primaryimage"},"thumbnailUrl":"https:\/\/edituracrimca.ro\/wp-content\/uploads\/2026\/04\/IMG_0860-scaled.avif","articleSection":["Evenimente"],"inLanguage":"en-US","potentialAction":[{"@type":"CommentAction","name":"Comment","target":["https:\/\/edituracrimca.ro\/intalnirile-crimca-colocviu-istoric-si-lansare-de-carte-la-suceava-o-recuperare-a-memoriei-si-a-adevarului-despre-fondul-bisericesc-din-bucovina\/#respond"]}]},{"@type":"WebPage","@id":"https:\/\/edituracrimca.ro\/intalnirile-crimca-colocviu-istoric-si-lansare-de-carte-la-suceava-o-recuperare-a-memoriei-si-a-adevarului-despre-fondul-bisericesc-din-bucovina\/","url":"https:\/\/edituracrimca.ro\/intalnirile-crimca-colocviu-istoric-si-lansare-de-carte-la-suceava-o-recuperare-a-memoriei-si-a-adevarului-despre-fondul-bisericesc-din-bucovina\/","name":"\u00cent\u00e2lnirile Crimca \/ Colocviu istoric \u0219i lansare de carte la Suceava: o recuperare a memoriei \u0219i a adev\u0103rului despre Fondul Bisericesc din Bucovina - Editura CRIMCA","isPartOf":{"@id":"https:\/\/edituracrimca.ro\/#website"},"primaryImageOfPage":{"@id":"https:\/\/edituracrimca.ro\/intalnirile-crimca-colocviu-istoric-si-lansare-de-carte-la-suceava-o-recuperare-a-memoriei-si-a-adevarului-despre-fondul-bisericesc-din-bucovina\/#primaryimage"},"image":{"@id":"https:\/\/edituracrimca.ro\/intalnirile-crimca-colocviu-istoric-si-lansare-de-carte-la-suceava-o-recuperare-a-memoriei-si-a-adevarului-despre-fondul-bisericesc-din-bucovina\/#primaryimage"},"thumbnailUrl":"https:\/\/edituracrimca.ro\/wp-content\/uploads\/2026\/04\/IMG_0860-scaled.avif","datePublished":"2026-04-30T07:48:53+00:00","dateModified":"2026-04-30T07:52:00+00:00","breadcrumb":{"@id":"https:\/\/edituracrimca.ro\/intalnirile-crimca-colocviu-istoric-si-lansare-de-carte-la-suceava-o-recuperare-a-memoriei-si-a-adevarului-despre-fondul-bisericesc-din-bucovina\/#breadcrumb"},"inLanguage":"en-US","potentialAction":[{"@type":"ReadAction","target":["https:\/\/edituracrimca.ro\/intalnirile-crimca-colocviu-istoric-si-lansare-de-carte-la-suceava-o-recuperare-a-memoriei-si-a-adevarului-despre-fondul-bisericesc-din-bucovina\/"]}]},{"@type":"ImageObject","inLanguage":"en-US","@id":"https:\/\/edituracrimca.ro\/intalnirile-crimca-colocviu-istoric-si-lansare-de-carte-la-suceava-o-recuperare-a-memoriei-si-a-adevarului-despre-fondul-bisericesc-din-bucovina\/#primaryimage","url":"https:\/\/edituracrimca.ro\/wp-content\/uploads\/2026\/04\/IMG_0860-scaled.avif","contentUrl":"https:\/\/edituracrimca.ro\/wp-content\/uploads\/2026\/04\/IMG_0860-scaled.avif","width":2560,"height":1920},{"@type":"BreadcrumbList","@id":"https:\/\/edituracrimca.ro\/intalnirile-crimca-colocviu-istoric-si-lansare-de-carte-la-suceava-o-recuperare-a-memoriei-si-a-adevarului-despre-fondul-bisericesc-din-bucovina\/#breadcrumb","itemListElement":[{"@type":"ListItem","position":1,"name":"Prima pagin\u0103","item":"https:\/\/edituracrimca.ro\/"},{"@type":"ListItem","position":2,"name":"\u00cent\u00e2lnirile Crimca \/ Colocviu istoric \u0219i lansare de carte la Suceava: o recuperare a memoriei \u0219i a adev\u0103rului despre Fondul Bisericesc din Bucovina"}]},{"@type":"WebSite","@id":"https:\/\/edituracrimca.ro\/#website","url":"https:\/\/edituracrimca.ro\/","name":"CRIMCA Publishing House","description":"The Word that Builds","publisher":{"@id":"https:\/\/edituracrimca.ro\/#organization"},"potentialAction":[{"@type":"SearchAction","target":{"@type":"EntryPoint","urlTemplate":"https:\/\/edituracrimca.ro\/?s={search_term_string}"},"query-input":{"@type":"PropertyValueSpecification","valueRequired":true,"valueName":"search_term_string"}}],"inLanguage":"en-US"},{"@type":"Organization","@id":"https:\/\/edituracrimca.ro\/#organization","name":"CRIMCA Publishing House","url":"https:\/\/edituracrimca.ro\/","logo":{"@type":"ImageObject","inLanguage":"en-US","@id":"https:\/\/edituracrimca.ro\/#\/schema\/logo\/image\/","url":"https:\/\/edituracrimca.ro\/wp-content\/uploads\/2026\/04\/editura-crimca.svg","contentUrl":"https:\/\/edituracrimca.ro\/wp-content\/uploads\/2026\/04\/editura-crimca.svg","width":601,"height":206,"caption":"Editura CRIMCA"},"image":{"@id":"https:\/\/edituracrimca.ro\/#\/schema\/logo\/image\/"},"sameAs":["https:\/\/web.facebook.com\/EdCrimca","https:\/\/www.instagram.com\/jurnalculturalcrimca\/"]},{"@type":"Person","@id":"https:\/\/edituracrimca.ro\/#\/schema\/person\/5b7f887204bde5d4dbc2b5c8bb69494d","name":"Crimca Newsroom","image":{"@type":"ImageObject","inLanguage":"en-US","@id":"https:\/\/secure.gravatar.com\/avatar\/6601f5df8e430f79765c73046ffb89c63ac0d515cb35f47fb5cc9d2386d86ba8?s=96&d=mm&r=g","url":"https:\/\/secure.gravatar.com\/avatar\/6601f5df8e430f79765c73046ffb89c63ac0d515cb35f47fb5cc9d2386d86ba8?s=96&d=mm&r=g","contentUrl":"https:\/\/secure.gravatar.com\/avatar\/6601f5df8e430f79765c73046ffb89c63ac0d515cb35f47fb5cc9d2386d86ba8?s=96&d=mm&r=g","caption":"Redac\u021bia Crimca"},"sameAs":["https:\/\/edituracrimca.ro"],"url":"https:\/\/edituracrimca.ro\/en\/author\/admin_lmlz7ose\/"}]}},"_links":{"self":[{"href":"https:\/\/edituracrimca.ro\/en\/wp-json\/wp\/v2\/posts\/4229","targetHints":{"allow":["GET"]}}],"collection":[{"href":"https:\/\/edituracrimca.ro\/en\/wp-json\/wp\/v2\/posts"}],"about":[{"href":"https:\/\/edituracrimca.ro\/en\/wp-json\/wp\/v2\/types\/post"}],"author":[{"embeddable":true,"href":"https:\/\/edituracrimca.ro\/en\/wp-json\/wp\/v2\/users\/1"}],"replies":[{"embeddable":true,"href":"https:\/\/edituracrimca.ro\/en\/wp-json\/wp\/v2\/comments?post=4229"}],"version-history":[{"count":1,"href":"https:\/\/edituracrimca.ro\/en\/wp-json\/wp\/v2\/posts\/4229\/revisions"}],"predecessor-version":[{"id":4238,"href":"https:\/\/edituracrimca.ro\/en\/wp-json\/wp\/v2\/posts\/4229\/revisions\/4238"}],"wp:featuredmedia":[{"embeddable":true,"href":"https:\/\/edituracrimca.ro\/en\/wp-json\/wp\/v2\/media\/4230"}],"wp:attachment":[{"href":"https:\/\/edituracrimca.ro\/en\/wp-json\/wp\/v2\/media?parent=4229"}],"wp:term":[{"taxonomy":"category","embeddable":true,"href":"https:\/\/edituracrimca.ro\/en\/wp-json\/wp\/v2\/categories?post=4229"},{"taxonomy":"post_tag","embeddable":true,"href":"https:\/\/edituracrimca.ro\/en\/wp-json\/wp\/v2\/tags?post=4229"}],"curies":[{"name":"wp","href":"https:\/\/api.w.org\/{rel}","templated":true}]}}