{"id":3285,"date":"2022-06-29T19:16:03","date_gmt":"2022-06-29T17:16:03","guid":{"rendered":"https:\/\/edituracrimca.ro\/moment-aniversar-la-hramul-manastirii-solca-400-de-ani-de-la-sfintire\/"},"modified":"2022-06-29T19:16:03","modified_gmt":"2022-06-29T17:16:03","slug":"anniversary-of-the-400th-anniversary-of-the-consecration-of-the-monastery-of-solca","status":"publish","type":"post","link":"https:\/\/edituracrimca.ro\/en\/anniversary-of-the-400th-anniversary-of-the-consecration-of-the-monastery-of-solca\/","title":{"rendered":"Anniversary of the 400th anniversary of the consecration of Solca Monastery"},"content":{"rendered":"<p style=\"font-weight: 400;\">A new bright chapter in the flourishing history of the Solca Monastery was written today, June 29, 2022, on the day of the patron saints, Saints Apostles Peter and Paul, on the anniversary - the 400th anniversary of the consecration of the monastery, foundation of Stephen Tom\u0219a II Voievod.<\/p>\n<p style=\"font-weight: 400;\">The special event is part of the <em>Jubilee Year<\/em> \u201eThe heritage of Muscat - faith, culture, history\u201d, events also organized on the occasion of the 500th anniversary of the consecration of the Church \u201eSt. Great Martyr Gheorghe\u201d of the Monastery \u201eSt. John the New of Suceava\u201d, foundation of Bogdan IIIrd Voievod and \u0218tef\u0103ni\u021b\u0103 Voievod, and the 500th anniversary of the consecration of the Church \u201eAll Saints\u201d Sunday\" - P\u0103rh\u0103u\u021bi, foundation of the boyar Gavriil Trotu\u0219an.<\/p>\n<p style=\"font-weight: 400;\">The two hierarchs of the diocese, His Eminence Calinic, Archbishop of Suceava and R\u0103d\u0103u\u021bilor, and His Eminence Damaschin Dorneanul, Bishop-Vicar, were present among the monastic order and the faithful present at the dedication of the Solca Monastery.<\/p>\n<p style=\"font-weight: 400;\">After the greeting of the hierarchs with flowers, but also with bread and salt, according to custom, by children dressed in folk costumes specific to the place, the Holy and Divine Liturgy of St. John Chrysostom was celebrated under the patronage of His Most Reverend Father Archbishop Calinic, on a specially arranged podium in the monastery complex. From the priests and deacons of the assembly were the Most Rev. Paraschiv Dabija, administrative vicar, arch. Melchizedec Velnic, exarch of the monasteries of the diocese and abbot of Putna Monastery, arch. Nectarie Clinci, exarch of the area and abbot of the monastery of Sih\u0103stria Putnei, protos. Dosoftei Dijm\u0103rescu, cultural exarch, servants of the Monastery \u201eSt. John the New of Suceava\u201d, led by Arch. Serafim Grigora\u0219, abbot of the monastery, Fr. Ionel Constantin Malo\u0219, protoireu (R\u0103d\u0103u\u021bi), ministers of the holy altars of the churches and monasteries in the surrounding area, as well as Fr. Nicolai Buga, a worthy minister who was responsible for the last major restoration of the monastery.<\/p>\n<p style=\"font-weight: 400;\">The liturgical responses were given by a choir of young theologians and monks of Putna Monastery. Together with numerous faithful and representatives of local officials, the event was attended by monks, nuns, abbots and abbesses from monasteries throughout the archdiocese.<\/p>\n<p style=\"font-weight: 400;\">At the appointed time, protos. Dosoftei Dijm\u0103rescu, cultural exarch of the Archdiocese of Suceava and R\u0103d\u0103u\u021bilor, delivered a teaching speech in which he brought to attention the most important aspects related to the history of Solca Monastery, presenting the anniversary booklet of the monastery, published by the Archdiocese's Crimca Publishing House, which summarizes the 400 years of <em>Moldovan history and Christian spirituality<\/em>, a preliminary to a more elaborate work on the voivode's foundation. Last but not least, the close connection between Putna Monastery, the foundation of the Most Holy Stephen the Great and Holy, and Solca Monastery was evoked,<\/p>\n<p style=\"font-weight: 400;\">\u201eStephen Tom\u0219a II founded this holy monastery, but he also helped many others. (...) But he especially loved this place he called <em>God's revealed place<\/em>. We do not know what was his inner calling, but in collaboration with Metropolitan Anastasie Crimca, who perhaps was among the closest collaborators in the two reigns, he laid the foundation stone, consecrated the church and then with him, in the second reign, he continued the work and sanctified the entire monastery. (...) After the election and enthronement of His Eminence Archbishop Calinic, one of the first things he announced that he wanted to put into practice was the reopening of all the monasteries closed by the Habsburg Empire. The first of them was Solca, and on November 18, 2020, the Permanence of the Eparchial Council approved the reopening of the monastery. (...) We are surrounded by ruins, but these ruins are the result and witness of this history. They contain within them the meaning and the creed desired by the voivode founder and the metropolitan who blessed and sanctified the monastery and the first community, and since then all the generations of monks who have lived here have had them in their hearts, namely to make here a place of prayer, a place of obedience, a place of need, a place of longing and of the work of the love of God. This is the call of these walls awaiting restoration, but also their material voice to the future monks of the community and to the future helpers and worshippers of this holy place. As those of old felt that this place was shown to them by God, so some of us today are called to support this monastery and will have the joy of sharing in a great, troubled history, but we also hope for a future that will match its greatness.\u201d<\/p>\n<p style=\"font-weight: 400;\">Mass was then celebrated <em>The Last Mass<\/em> for the souls of the monastery's founders and egumens who have passed on to the eternal, then His Eminence the Most Reverend Father Damaschin Dorneanul read prayers for the disentailment.<\/p>\n<p style=\"font-weight: 400;\">Then followed the moment to highlight the people who were involved in the flourishing and reopening of the monastery, not before the exhortation of His Eminence Calinic to read the booklet on the history of Solca Monastery, considered <em>one of the most important monasteries built in the 17th century and one of the great monasteries of Moldavia<\/em>.<\/p>\n<p style=\"font-weight: 400;\">Fr. Paraschiv Dabija read the texts of the eparchial distinctions, and His Most Reverend Father Archbishop Calinic presented the benefactors and supporters of the Church's work with eparchial orders and jubilee medals, a sign of appreciation and gratitude for their outstanding merits in promoting and supporting Romanian Christian Orthodox values, on the occasion of the 400th anniversary of the consecration of the Monastery \u201eSaints Apostles Peter and Paul\u201d Solca.<\/p>\n<p style=\"font-weight: 400;\">Of those who received <em>Order \u201eSt. Mucenic St. John the New from Suceava\u201d<\/em> we remember protos. Elefterie Ionesie, the abbot of Solca Monastery, as he followed the example set by \u201ethe young man, wise of God, who devotedly fulfilled his ministry and based his Orthodox faith on the understanding <em>The Gospel<\/em>, testifying it courageously to his fellow men by deed and word\u201d - Father Abbot was a resident of Putna Monastery from the period of his university studies until his appointment to Solca, 1998-2021. .<\/p>\n<p style=\"font-weight: 400;\">Diplomas of merit were also awarded to representatives of local authorities, with the mayor of Solca, Cornel-Trifan Tehaniuc, receiving the distinction <em>Order of the Muscatines\u201e<\/em>, offered by His Eminence the Most Reverend Father Calinic for his efforts in serving his fellow men, \u201efollowing (thus) the lords of Moldavia and other worthy founders of country and nation\u201d.<\/p>\n<p style=\"font-weight: 400;\">Jubile Medal <em>400 years since the consecration of Solca Monastery<\/em> was offered <em>to support renovation work<\/em> <em>of the monastery<\/em> representatives of central and county institutions, clergy who have shown their dedication and love for the Solca Monastery, as well as families who have been directly involved in supporting the monastic community since the reopening of the place of worship.<\/p>\n<p style=\"font-weight: 400;\">The mayor of the town of Solca thanked the hierarchs for their service and blessing and presented His Eminence Calinic, the initiator of the reopening of the monastery, Archimandrite Melchisedec Velnic, abbot of Putna Monastery, who was entrusted with the task of reorganizing the monastic life, and Protosinghel Elefterie Ionesie with a gift of appreciation \u201efor his contribution to the improvement of spiritual life in the town of Solca\u201d. At the same time, Father Nicolai Buga was awarded the title of honorary citizen of Solca.<\/p>\n<p style=\"font-weight: 400;\">At the end, the 25th abbot of Solca Monastery, the first after 236 years, thanked the Good Lord for this special day, when 400 years since the consecration of the monastery and 410 years since the laying of the foundation stone. The word of thanks was also addressed to His Eminence the Most Reverend Father Calinic, who blessed the reopening of this holy place, as well as to the faithful, supporters and benefactors, local and county authorities for their support in organizing the events of the Archdiocese of Suceava and R\u0103d\u0103u\u021bilor under the aegis of the Archdiocese of Suceava and R\u0103d\u0103u\u021bilor <em>Muscat heritage - faith, culture, history<\/em>.<\/p>\n<p style=\"font-weight: 400;\">On behalf of the monastery community, the abbot gave the hierarchs an icon with the faces of Saints Peter and Paul, the patron saints of the place of worship.<\/p>\n<p><strong>Short history<\/strong><\/p>\n<p style=\"font-weight: 400;\">Founded four centuries ago, Solca Monastery, a foundation of Mr. Stefan Tom\u0219a, was built between 1612 and 1622, being placed under the patronage of the Holy Apostles Peter and Paul. In 1785, after the Habsburg Empire occupied Bukovina, the monastery was closed and the monastery church was transformed into a parish church.<\/p>\n<p style=\"font-weight: 400;\">The permanent Eparchial Council of the Archdiocese of Suceava and R\u0103d\u0103u\u021bilor decided on November 18, 2020, with the blessing of His All-His Eminence Calinic, Archbishop of Suceava and R\u0103d\u0103u\u021bilor, to reopen the Solca Monastery, with the feast <em>Saints Peter and Paul<\/em>, as well as the restoration of the historical heritage that belonged to this holy place.<\/p>\n<p style=\"font-weight: 400;\">The reorganization and reinvigoration of monastic life at Solca Monastery was a priority of His Eminence Calinic, announced shortly after his enthronement as Archbishop of Suceava and R\u0103d\u0103u\u021bilor.<\/p>\n<h6 style=\"text-align: center;\"><strong>Irina Ursachi<\/strong><\/h6>\n<hr class=\"wp-block-separator has-alpha-channel-opacity\"\/>","protected":false},"excerpt":{"rendered":"<p>O nou\u0103 fil\u0103 luminoas\u0103 din istoria \u00eenfloritoare a M\u0103n\u0103stirii Solca a fost scris\u0103 ast\u0103zi, 29 iunie 2022, \u00een ziua cinstirii ocrotitorilor, Sfin\u021bii Apostoli Petru \u0219i Pavel, la ceas aniversar &#8211; [&hellip;]<\/p>\n","protected":false},"author":1,"featured_media":3286,"comment_status":"open","ping_status":"open","sticky":false,"template":"","format":"standard","meta":{"_acf_changed":false,"footnotes":""},"categories":[41,42],"tags":[],"class_list":["post-3285","post","type-post","status-publish","format-standard","has-post-thumbnail","hentry","category-articole","category-noutati"],"acf":[],"yoast_head":"<!-- This site is optimized with the Yoast SEO Premium plugin v27.4 (Yoast SEO v27.4) - https:\/\/yoast.com\/product\/yoast-seo-premium-wordpress\/ -->\n<title>Moment aniversar la hramul M\u0103n\u0103stirii Solca \u2013 400 de ani de la sfin\u021bire - Editura CRIMCA<\/title>\n<meta name=\"robots\" content=\"index, follow, max-snippet:-1, max-image-preview:large, max-video-preview:-1\" \/>\n<link rel=\"canonical\" href=\"https:\/\/edituracrimca.ro\/en\/anniversary-of-the-400th-anniversary-of-the-consecration-of-the-monastery-of-solca\/\" \/>\n<meta property=\"og:locale\" content=\"en_US\" \/>\n<meta property=\"og:type\" content=\"article\" \/>\n<meta property=\"og:title\" content=\"Moment aniversar la hramul M\u0103n\u0103stirii Solca \u2013 400 de ani de la sfin\u021bire\" \/>\n<meta property=\"og:description\" content=\"O nou\u0103 fil\u0103 luminoas\u0103 din istoria \u00eenfloritoare a M\u0103n\u0103stirii Solca a fost scris\u0103 ast\u0103zi, 29 iunie 2022, \u00een ziua cinstirii ocrotitorilor, Sfin\u021bii Apostoli Petru \u0219i Pavel, la ceas aniversar &#8211; [&hellip;]\" \/>\n<meta property=\"og:url\" content=\"https:\/\/edituracrimca.ro\/en\/anniversary-of-the-400th-anniversary-of-the-consecration-of-the-monastery-of-solca\/\" \/>\n<meta property=\"og:site_name\" content=\"Editura CRIMCA\" \/>\n<meta property=\"article:publisher\" content=\"https:\/\/web.facebook.com\/EdCrimca\" \/>\n<meta property=\"article:published_time\" content=\"2022-06-29T17:16:03+00:00\" \/>\n<meta property=\"og:image\" content=\"https:\/\/edituracrimca.ro\/wp-content\/uploads\/2026\/04\/MED06984.jpg\" \/>\n\t<meta property=\"og:image:width\" content=\"2048\" \/>\n\t<meta property=\"og:image:height\" content=\"1153\" \/>\n\t<meta property=\"og:image:type\" content=\"image\/jpeg\" \/>\n<meta name=\"author\" content=\"Redac\u021bia Crimca\" \/>\n<meta name=\"twitter:card\" content=\"summary_large_image\" \/>\n<meta name=\"twitter:label1\" content=\"Written by\" \/>\n\t<meta name=\"twitter:data1\" content=\"Redac\u021bia Crimca\" \/>\n\t<meta name=\"twitter:label2\" content=\"Est. reading time\" \/>\n\t<meta name=\"twitter:data2\" content=\"8 minutes\" \/>\n<script type=\"application\/ld+json\" class=\"yoast-schema-graph\">{\"@context\":\"https:\\\/\\\/schema.org\",\"@graph\":[{\"@type\":\"Article\",\"@id\":\"https:\\\/\\\/edituracrimca.ro\\\/moment-aniversar-la-hramul-manastirii-solca-400-de-ani-de-la-sfintire\\\/#article\",\"isPartOf\":{\"@id\":\"https:\\\/\\\/edituracrimca.ro\\\/moment-aniversar-la-hramul-manastirii-solca-400-de-ani-de-la-sfintire\\\/\"},\"author\":{\"name\":\"Redac\u021bia Crimca\",\"@id\":\"https:\\\/\\\/edituracrimca.ro\\\/#\\\/schema\\\/person\\\/5b7f887204bde5d4dbc2b5c8bb69494d\"},\"headline\":\"Moment aniversar la hramul M\u0103n\u0103stirii Solca \u2013 400 de ani de la sfin\u021bire\",\"datePublished\":\"2022-06-29T17:16:03+00:00\",\"mainEntityOfPage\":{\"@id\":\"https:\\\/\\\/edituracrimca.ro\\\/moment-aniversar-la-hramul-manastirii-solca-400-de-ani-de-la-sfintire\\\/\"},\"wordCount\":1696,\"commentCount\":0,\"publisher\":{\"@id\":\"https:\\\/\\\/edituracrimca.ro\\\/#organization\"},\"image\":{\"@id\":\"https:\\\/\\\/edituracrimca.ro\\\/moment-aniversar-la-hramul-manastirii-solca-400-de-ani-de-la-sfintire\\\/#primaryimage\"},\"thumbnailUrl\":\"https:\\\/\\\/edituracrimca.ro\\\/wp-content\\\/uploads\\\/2026\\\/04\\\/MED06984.jpg\",\"articleSection\":[\"Articole\",\"Nout\u0103\u021bi\"],\"inLanguage\":\"en-US\",\"potentialAction\":[{\"@type\":\"CommentAction\",\"name\":\"Comment\",\"target\":[\"https:\\\/\\\/edituracrimca.ro\\\/moment-aniversar-la-hramul-manastirii-solca-400-de-ani-de-la-sfintire\\\/#respond\"]}]},{\"@type\":\"WebPage\",\"@id\":\"https:\\\/\\\/edituracrimca.ro\\\/moment-aniversar-la-hramul-manastirii-solca-400-de-ani-de-la-sfintire\\\/\",\"url\":\"https:\\\/\\\/edituracrimca.ro\\\/moment-aniversar-la-hramul-manastirii-solca-400-de-ani-de-la-sfintire\\\/\",\"name\":\"Moment aniversar la hramul M\u0103n\u0103stirii Solca \u2013 400 de ani de la sfin\u021bire - Editura CRIMCA\",\"isPartOf\":{\"@id\":\"https:\\\/\\\/edituracrimca.ro\\\/#website\"},\"primaryImageOfPage\":{\"@id\":\"https:\\\/\\\/edituracrimca.ro\\\/moment-aniversar-la-hramul-manastirii-solca-400-de-ani-de-la-sfintire\\\/#primaryimage\"},\"image\":{\"@id\":\"https:\\\/\\\/edituracrimca.ro\\\/moment-aniversar-la-hramul-manastirii-solca-400-de-ani-de-la-sfintire\\\/#primaryimage\"},\"thumbnailUrl\":\"https:\\\/\\\/edituracrimca.ro\\\/wp-content\\\/uploads\\\/2026\\\/04\\\/MED06984.jpg\",\"datePublished\":\"2022-06-29T17:16:03+00:00\",\"breadcrumb\":{\"@id\":\"https:\\\/\\\/edituracrimca.ro\\\/moment-aniversar-la-hramul-manastirii-solca-400-de-ani-de-la-sfintire\\\/#breadcrumb\"},\"inLanguage\":\"en-US\",\"potentialAction\":[{\"@type\":\"ReadAction\",\"target\":[\"https:\\\/\\\/edituracrimca.ro\\\/moment-aniversar-la-hramul-manastirii-solca-400-de-ani-de-la-sfintire\\\/\"]}]},{\"@type\":\"ImageObject\",\"inLanguage\":\"en-US\",\"@id\":\"https:\\\/\\\/edituracrimca.ro\\\/moment-aniversar-la-hramul-manastirii-solca-400-de-ani-de-la-sfintire\\\/#primaryimage\",\"url\":\"https:\\\/\\\/edituracrimca.ro\\\/wp-content\\\/uploads\\\/2026\\\/04\\\/MED06984.jpg\",\"contentUrl\":\"https:\\\/\\\/edituracrimca.ro\\\/wp-content\\\/uploads\\\/2026\\\/04\\\/MED06984.jpg\",\"width\":2048,\"height\":1153},{\"@type\":\"BreadcrumbList\",\"@id\":\"https:\\\/\\\/edituracrimca.ro\\\/moment-aniversar-la-hramul-manastirii-solca-400-de-ani-de-la-sfintire\\\/#breadcrumb\",\"itemListElement\":[{\"@type\":\"ListItem\",\"position\":1,\"name\":\"Prima pagin\u0103\",\"item\":\"https:\\\/\\\/edituracrimca.ro\\\/\"},{\"@type\":\"ListItem\",\"position\":2,\"name\":\"Moment aniversar la hramul M\u0103n\u0103stirii Solca \u2013 400 de ani de la sfin\u021bire\"}]},{\"@type\":\"WebSite\",\"@id\":\"https:\\\/\\\/edituracrimca.ro\\\/#website\",\"url\":\"https:\\\/\\\/edituracrimca.ro\\\/\",\"name\":\"Editura CRIMCA\",\"description\":\"Cuv\u00e2ntul care Zide\u0219te\",\"publisher\":{\"@id\":\"https:\\\/\\\/edituracrimca.ro\\\/#organization\"},\"potentialAction\":[{\"@type\":\"SearchAction\",\"target\":{\"@type\":\"EntryPoint\",\"urlTemplate\":\"https:\\\/\\\/edituracrimca.ro\\\/?s={search_term_string}\"},\"query-input\":{\"@type\":\"PropertyValueSpecification\",\"valueRequired\":true,\"valueName\":\"search_term_string\"}}],\"inLanguage\":\"en-US\"},{\"@type\":\"Organization\",\"@id\":\"https:\\\/\\\/edituracrimca.ro\\\/#organization\",\"name\":\"Editura CRIMCA\",\"url\":\"https:\\\/\\\/edituracrimca.ro\\\/\",\"logo\":{\"@type\":\"ImageObject\",\"inLanguage\":\"en-US\",\"@id\":\"https:\\\/\\\/edituracrimca.ro\\\/#\\\/schema\\\/logo\\\/image\\\/\",\"url\":\"https:\\\/\\\/edituracrimca.ro\\\/wp-content\\\/uploads\\\/2026\\\/04\\\/editura-crimca.svg\",\"contentUrl\":\"https:\\\/\\\/edituracrimca.ro\\\/wp-content\\\/uploads\\\/2026\\\/04\\\/editura-crimca.svg\",\"width\":601,\"height\":206,\"caption\":\"Editura CRIMCA\"},\"image\":{\"@id\":\"https:\\\/\\\/edituracrimca.ro\\\/#\\\/schema\\\/logo\\\/image\\\/\"},\"sameAs\":[\"https:\\\/\\\/web.facebook.com\\\/EdCrimca\",\"https:\\\/\\\/www.instagram.com\\\/jurnalculturalcrimca\\\/\"]},{\"@type\":\"Person\",\"@id\":\"https:\\\/\\\/edituracrimca.ro\\\/#\\\/schema\\\/person\\\/5b7f887204bde5d4dbc2b5c8bb69494d\",\"name\":\"Redac\u021bia Crimca\",\"image\":{\"@type\":\"ImageObject\",\"inLanguage\":\"en-US\",\"@id\":\"https:\\\/\\\/secure.gravatar.com\\\/avatar\\\/6601f5df8e430f79765c73046ffb89c63ac0d515cb35f47fb5cc9d2386d86ba8?s=96&d=mm&r=g\",\"url\":\"https:\\\/\\\/secure.gravatar.com\\\/avatar\\\/6601f5df8e430f79765c73046ffb89c63ac0d515cb35f47fb5cc9d2386d86ba8?s=96&d=mm&r=g\",\"contentUrl\":\"https:\\\/\\\/secure.gravatar.com\\\/avatar\\\/6601f5df8e430f79765c73046ffb89c63ac0d515cb35f47fb5cc9d2386d86ba8?s=96&d=mm&r=g\",\"caption\":\"Redac\u021bia Crimca\"},\"sameAs\":[\"https:\\\/\\\/edituracrimca.ro\"],\"url\":\"https:\\\/\\\/edituracrimca.ro\\\/en\\\/author\\\/admin_lmlz7ose\\\/\"}]}<\/script>\n<!-- \/ Yoast SEO Premium plugin. -->","yoast_head_json":{"title":"Anniversary of the 400th anniversary of the consecration of Solca Monastery - CRIMCA Publishing House","robots":{"index":"index","follow":"follow","max-snippet":"max-snippet:-1","max-image-preview":"max-image-preview:large","max-video-preview":"max-video-preview:-1"},"canonical":"https:\/\/edituracrimca.ro\/en\/anniversary-of-the-400th-anniversary-of-the-consecration-of-the-monastery-of-solca\/","og_locale":"en_US","og_type":"article","og_title":"Moment aniversar la hramul M\u0103n\u0103stirii Solca \u2013 400 de ani de la sfin\u021bire","og_description":"O nou\u0103 fil\u0103 luminoas\u0103 din istoria \u00eenfloritoare a M\u0103n\u0103stirii Solca a fost scris\u0103 ast\u0103zi, 29 iunie 2022, \u00een ziua cinstirii ocrotitorilor, Sfin\u021bii Apostoli Petru \u0219i Pavel, la ceas aniversar &#8211; [&hellip;]","og_url":"https:\/\/edituracrimca.ro\/en\/anniversary-of-the-400th-anniversary-of-the-consecration-of-the-monastery-of-solca\/","og_site_name":"Editura CRIMCA","article_publisher":"https:\/\/web.facebook.com\/EdCrimca","article_published_time":"2022-06-29T17:16:03+00:00","og_image":[{"width":2048,"height":1153,"url":"https:\/\/edituracrimca.ro\/wp-content\/uploads\/2026\/04\/MED06984.jpg","type":"image\/jpeg"}],"author":"Redac\u021bia Crimca","twitter_card":"summary_large_image","twitter_misc":{"Written by":"Redac\u021bia Crimca","Est. reading time":"8 minutes"},"schema":{"@context":"https:\/\/schema.org","@graph":[{"@type":"Article","@id":"https:\/\/edituracrimca.ro\/moment-aniversar-la-hramul-manastirii-solca-400-de-ani-de-la-sfintire\/#article","isPartOf":{"@id":"https:\/\/edituracrimca.ro\/moment-aniversar-la-hramul-manastirii-solca-400-de-ani-de-la-sfintire\/"},"author":{"name":"Redac\u021bia Crimca","@id":"https:\/\/edituracrimca.ro\/#\/schema\/person\/5b7f887204bde5d4dbc2b5c8bb69494d"},"headline":"Moment aniversar la hramul M\u0103n\u0103stirii Solca \u2013 400 de ani de la sfin\u021bire","datePublished":"2022-06-29T17:16:03+00:00","mainEntityOfPage":{"@id":"https:\/\/edituracrimca.ro\/moment-aniversar-la-hramul-manastirii-solca-400-de-ani-de-la-sfintire\/"},"wordCount":1696,"commentCount":0,"publisher":{"@id":"https:\/\/edituracrimca.ro\/#organization"},"image":{"@id":"https:\/\/edituracrimca.ro\/moment-aniversar-la-hramul-manastirii-solca-400-de-ani-de-la-sfintire\/#primaryimage"},"thumbnailUrl":"https:\/\/edituracrimca.ro\/wp-content\/uploads\/2026\/04\/MED06984.jpg","articleSection":["Articole","Nout\u0103\u021bi"],"inLanguage":"en-US","potentialAction":[{"@type":"CommentAction","name":"Comment","target":["https:\/\/edituracrimca.ro\/moment-aniversar-la-hramul-manastirii-solca-400-de-ani-de-la-sfintire\/#respond"]}]},{"@type":"WebPage","@id":"https:\/\/edituracrimca.ro\/moment-aniversar-la-hramul-manastirii-solca-400-de-ani-de-la-sfintire\/","url":"https:\/\/edituracrimca.ro\/moment-aniversar-la-hramul-manastirii-solca-400-de-ani-de-la-sfintire\/","name":"Anniversary of the 400th anniversary of the consecration of Solca Monastery - CRIMCA Publishing House","isPartOf":{"@id":"https:\/\/edituracrimca.ro\/#website"},"primaryImageOfPage":{"@id":"https:\/\/edituracrimca.ro\/moment-aniversar-la-hramul-manastirii-solca-400-de-ani-de-la-sfintire\/#primaryimage"},"image":{"@id":"https:\/\/edituracrimca.ro\/moment-aniversar-la-hramul-manastirii-solca-400-de-ani-de-la-sfintire\/#primaryimage"},"thumbnailUrl":"https:\/\/edituracrimca.ro\/wp-content\/uploads\/2026\/04\/MED06984.jpg","datePublished":"2022-06-29T17:16:03+00:00","breadcrumb":{"@id":"https:\/\/edituracrimca.ro\/moment-aniversar-la-hramul-manastirii-solca-400-de-ani-de-la-sfintire\/#breadcrumb"},"inLanguage":"en-US","potentialAction":[{"@type":"ReadAction","target":["https:\/\/edituracrimca.ro\/moment-aniversar-la-hramul-manastirii-solca-400-de-ani-de-la-sfintire\/"]}]},{"@type":"ImageObject","inLanguage":"en-US","@id":"https:\/\/edituracrimca.ro\/moment-aniversar-la-hramul-manastirii-solca-400-de-ani-de-la-sfintire\/#primaryimage","url":"https:\/\/edituracrimca.ro\/wp-content\/uploads\/2026\/04\/MED06984.jpg","contentUrl":"https:\/\/edituracrimca.ro\/wp-content\/uploads\/2026\/04\/MED06984.jpg","width":2048,"height":1153},{"@type":"BreadcrumbList","@id":"https:\/\/edituracrimca.ro\/moment-aniversar-la-hramul-manastirii-solca-400-de-ani-de-la-sfintire\/#breadcrumb","itemListElement":[{"@type":"ListItem","position":1,"name":"Prima pagin\u0103","item":"https:\/\/edituracrimca.ro\/"},{"@type":"ListItem","position":2,"name":"Moment aniversar la hramul M\u0103n\u0103stirii Solca \u2013 400 de ani de la sfin\u021bire"}]},{"@type":"WebSite","@id":"https:\/\/edituracrimca.ro\/#website","url":"https:\/\/edituracrimca.ro\/","name":"CRIMCA Publishing House","description":"The Word that Builds","publisher":{"@id":"https:\/\/edituracrimca.ro\/#organization"},"potentialAction":[{"@type":"SearchAction","target":{"@type":"EntryPoint","urlTemplate":"https:\/\/edituracrimca.ro\/?s={search_term_string}"},"query-input":{"@type":"PropertyValueSpecification","valueRequired":true,"valueName":"search_term_string"}}],"inLanguage":"en-US"},{"@type":"Organization","@id":"https:\/\/edituracrimca.ro\/#organization","name":"CRIMCA Publishing House","url":"https:\/\/edituracrimca.ro\/","logo":{"@type":"ImageObject","inLanguage":"en-US","@id":"https:\/\/edituracrimca.ro\/#\/schema\/logo\/image\/","url":"https:\/\/edituracrimca.ro\/wp-content\/uploads\/2026\/04\/editura-crimca.svg","contentUrl":"https:\/\/edituracrimca.ro\/wp-content\/uploads\/2026\/04\/editura-crimca.svg","width":601,"height":206,"caption":"Editura CRIMCA"},"image":{"@id":"https:\/\/edituracrimca.ro\/#\/schema\/logo\/image\/"},"sameAs":["https:\/\/web.facebook.com\/EdCrimca","https:\/\/www.instagram.com\/jurnalculturalcrimca\/"]},{"@type":"Person","@id":"https:\/\/edituracrimca.ro\/#\/schema\/person\/5b7f887204bde5d4dbc2b5c8bb69494d","name":"Crimca Newsroom","image":{"@type":"ImageObject","inLanguage":"en-US","@id":"https:\/\/secure.gravatar.com\/avatar\/6601f5df8e430f79765c73046ffb89c63ac0d515cb35f47fb5cc9d2386d86ba8?s=96&d=mm&r=g","url":"https:\/\/secure.gravatar.com\/avatar\/6601f5df8e430f79765c73046ffb89c63ac0d515cb35f47fb5cc9d2386d86ba8?s=96&d=mm&r=g","contentUrl":"https:\/\/secure.gravatar.com\/avatar\/6601f5df8e430f79765c73046ffb89c63ac0d515cb35f47fb5cc9d2386d86ba8?s=96&d=mm&r=g","caption":"Redac\u021bia Crimca"},"sameAs":["https:\/\/edituracrimca.ro"],"url":"https:\/\/edituracrimca.ro\/en\/author\/admin_lmlz7ose\/"}]}},"_links":{"self":[{"href":"https:\/\/edituracrimca.ro\/en\/wp-json\/wp\/v2\/posts\/3285","targetHints":{"allow":["GET"]}}],"collection":[{"href":"https:\/\/edituracrimca.ro\/en\/wp-json\/wp\/v2\/posts"}],"about":[{"href":"https:\/\/edituracrimca.ro\/en\/wp-json\/wp\/v2\/types\/post"}],"author":[{"embeddable":true,"href":"https:\/\/edituracrimca.ro\/en\/wp-json\/wp\/v2\/users\/1"}],"replies":[{"embeddable":true,"href":"https:\/\/edituracrimca.ro\/en\/wp-json\/wp\/v2\/comments?post=3285"}],"version-history":[{"count":0,"href":"https:\/\/edituracrimca.ro\/en\/wp-json\/wp\/v2\/posts\/3285\/revisions"}],"wp:featuredmedia":[{"embeddable":true,"href":"https:\/\/edituracrimca.ro\/en\/wp-json\/wp\/v2\/media\/3286"}],"wp:attachment":[{"href":"https:\/\/edituracrimca.ro\/en\/wp-json\/wp\/v2\/media?parent=3285"}],"wp:term":[{"taxonomy":"category","embeddable":true,"href":"https:\/\/edituracrimca.ro\/en\/wp-json\/wp\/v2\/categories?post=3285"},{"taxonomy":"post_tag","embeddable":true,"href":"https:\/\/edituracrimca.ro\/en\/wp-json\/wp\/v2\/tags?post=3285"}],"curies":[{"name":"wp","href":"https:\/\/api.w.org\/{rel}","templated":true}]}}