{"id":3283,"date":"2022-06-25T21:00:14","date_gmt":"2022-06-25T19:00:14","guid":{"rendered":"https:\/\/edituracrimca.ro\/la-sanzienele-copiilor-au-izbandit-bucuria-si-omenia\/"},"modified":"2022-06-25T21:00:14","modified_gmt":"2022-06-25T19:00:14","slug":"at-the-childrens-sanzienele-joy-and-humanity-have-broken-out","status":"publish","type":"post","link":"https:\/\/edituracrimca.ro\/en\/at-the-childrens-sanzienele-joy-and-humanity-have-broken-out\/","title":{"rendered":"At the Children's Midsummer's Day, joy and humanity triumphed"},"content":{"rendered":"<p>It was shaping up to be a day like few others. And it was. Because it really was a marathon festival, which lasted until nightfall. And it brought us all, (a little over 400 souls we were!), emotion and joy, and we were able to prove together how beautifully a touch of humanity can bring us together in the good-fulfilled by love.<\/p>\n<p>By the time after the Holy Mass, on Midsummer's Day, 32 teams from as many parishes, children's clubs, schools and high schools in Suceava County were already in the auditorium and in the foyer of the Municipal Theater \u201eMatei Vissniec\u201d in Suceava, eager to put to the test <strong>ChildOmenia. <\/strong><\/p>\n<p>And I'll tell you, even if you think you haven't asked me, some of the Good that happened there. And I do it also because it's my way of saying, again and again, thank you to all those who responded with yes-enthusiastic-and-enthusiastic-yes to our invitation to participate in the children's charity festival, with and for children, but also because I know that there are still \u201echildren of God\u201d who strive to help in the days to come.<\/p>\n<p>For almost five hours, there was no end to the spectacle, the exercises in awe and the touring of the art galleries, nor to the joy of discovery, the sharing of kind and generous thought and empathy. I say it with great confidence and gratitude, only one of the seven fine arts was missing, because - both on stage and in the exhibition spaces - music, painting, dance, sculpture, literature, architecture (present in the photo gallery) were absent.<\/p>\n<p>It was sung and the music delighted. Vocal and instrumental music, folklore, children's songs, ethno pieces, but also universally acclaimed arias, performed by soloists or duets, children's choirs, artistic ensembles and traditional vocal groups. Violins, the organ, accordion and trumpet; folk songs, homophonic singing, patriotic, mournful and mournful songs, songs of mourning and longing, and songs of play and celebration.<\/p>\n<p>Smaller or bigger volunteer artists? <strong>\u201eBilcu\u021ba\u201d folk group, <\/strong>from the Secondary School \u201eGeorge Tofan\u201d Bilca; \u201eNikolaos\u201d Children's Choir of the Parish \u201eSf\u00e2ntul Nicolae\u201d Sadova; \u201eEcclesia\u201d Youth Center Choir of the Technical College \u201ePetru Musat\u201d Suceava; \u201eSf\u00e2ntul Stelian\u201d Choir of the Sunday School of Berchi\u0219e\u0219ti; \u201dCrengu\u021b\u0103 de brad\u201e Folkloric Group from the Secondary School \u201dIorgu G. Toma\u201e Vama; the folkloric ensemble of the Children's Club of R\u0103d\u0103u\u021bi; the ethno group \u201dMiori\u021ba\u201e, from the \u201dMaria Cantacuzino\u201e secondary school in Horodniceni; the \u201dFlori de meri\u0219or\u201e group, from the Poiana Stampei secondary school; the vocal-instrumental group \u201dNoi\u021bele\u201e, formerly called \u201dthe girls with the violins\", from the secondary school No. 1 Bogd\u0103ne\u0219ti.<\/p>\n<p>Likewise, the vocal-traditional group \u201eAi lui \u0218tefan, noi o\u0219teni\u201d, from the \u201eIon Nistor\u201d Vicovu de Sus Technological High School, a group that needs no introduction, consecrated as \u201eyoung ambassador of Romanian tradition and spirituality\u201d, a super-name confirmed and reconfirmed, awarded and applauded openly, countless times, in the 12 years of artistic activity.<\/p>\n<p>And the soloists, children and young people, passionate about classical music or folklore, from: Colegiul Silvic \u201eBucovina\u201d C\u00e2mpulung Moldovenesc; Colegiul \u201eAndronic Motrescu\u201d R\u0103d\u0103u\u021bi; Colegiul Na\u021bional \u201eEudoxiu Hurmuzachi\u201d R\u0103d\u0103u\u021bi; Colegiul Tehnic R\u0103d\u0103u\u021bi; Liceul Tehnologic \u201eVasile Cocea\u201d Moldovi\u021ba; Elementary School \u201eGeorge Voevidca\u201d C\u00e2mpulung Moldovenesc; Elementary School Berchi\u0219e\u0219ti; Elementary School Bosanci; Elementary School \u201eMihai Eminescu\u201d R\u0103d\u0103u\u021bi; Elementary School \u201eAurelian Stanciu\u201d Salcea; Elementary School Nr. 1 Suceava.<\/p>\n<p>Painting was also on choice.  The exhibition \u201eChildren and May cherries\u201d of the small artists from the painting workshop \u201eAripi \u00eenflorite\u201d from R\u0103d\u0103u\u021bi; icons on glass made in the painting workshops of the School Center for Inclusive Education \u201eSt. Andrew\u201d Gura Humorului and the Orthodox Theological High School Seminary \u201eMetropolitan Dosoftei\u201d Suceava; icons on wood and religious painting on stone, realized by the \u201eLittle Craftsmen\u201d at the Berchi\u0219e\u0219ti Secondary School and in the religious circle of the Ostra Secondary School.<\/p>\n<p>Then, the exhibition \u201eMidsummer - flower and light\u201d<strong><em>\u00a0 <\/em><\/strong>of young artists from the \u201eCiprian Porumbescu\u201d Art College in Suceava; the decorative objects of the \u201eVl\u0103starele Bucovinei\u201d circle, from the Technological High School no. 1, C\u00e2mpulung Moldovenesc and those of the children from the \u201eMaria Cantacuzino\u201d Secondary School in Horodniceni; the ethno-cultural products of the \u201dOpen Hearts\" circle from the Secondary School No. 2 Marginea or the handicrafts made by the students of the Secondary School Bosanci, in the optional folklore classes.<\/p>\n<p>And also art, photographic art, in the exhibition-gallery \u201eBeautiful soul, hand in hand with Christ\u201d, signed by Ms. <a href=\"https:\/\/web.facebook.com\/irina.abrx?__cft__%5b0%5d=AZUU-q8BhcixX-CFMYgHy4KeQC2jCaU6CcmYlNDpdUWoIBqLtJRFKAmQw44FzY0FyLOehR6K5TEa8ZN42Y5-2CfhjBOA9gjCzwSxVZAbvLOf0nXwT5APPPXJTfEdmLSo_6uNSI9SWssKFv4Ysog4nIFNFDRTRtJft2vojUBzdaGg-rD9SIG2gFeT5SjN3txfwws&amp;__tn__=-%5dK-R\">Irina Ursachi<\/a>, photojournalist in the Media and Communication Sector of <a href=\"https:\/\/web.facebook.com\/Arhiepiscopia.SV\/?__cft__%5b0%5d=AZUU-q8BhcixX-CFMYgHy4KeQC2jCaU6CcmYlNDpdUWoIBqLtJRFKAmQw44FzY0FyLOehR6K5TEa8ZN42Y5-2CfhjBOA9gjCzwSxVZAbvLOf0nXwT5APPPXJTfEdmLSo_6uNSI9SWssKFv4Ysog4nIFNFDRTRtJft2vojUBzdaGg-rD9SIG2gFeT5SjN3txfwws&amp;__tn__=kK-R\">Archdiocese of Suceva and R\u0103d\u0103u\u021bilor<\/a>, partner in the project.  A gallery of the \u201echildren's liturgy\u201d from the liturgies of the Sundays and holidays spent by them in our churches and monasteries, in which the values of order are: faith, prayer, innocence, family, friendship, education, culture, hope, reading, generosity, care for God's creation and love of neighbor. And I could go on and on, but you will - soon - be able to revisit the gallery I am talking about.<\/p>\n<p>We were convinced of the fascination and rigor of ballroom dancing and the emotion conveyed through choreography by the dance group ,,ADALIS Jr.\u201d  and \u201eDinamic\u201d from the Suceava Children's Palace.<\/p>\n<p>We did not miss literature, I was telling you, nor the forays into snoave, poetry and theater; the cheerful moment, \u201dThe skillful lad\u201e, the talented Luca Vasile Lucan, first grade, from the Giimnazial\u0103 School \u201dIorgu G. Toma\u201e Vama; the dramatization of \u201dThe nectar poppy\u201e, after Valeriu Anania, an artistic moment performed by the \u201dVoievod's Children\u201e group from the \u201dGrigore Ghica Voievod\u201e secondary school in Suceava and the carefully distilled lyricism of sensitivity, depth of meaning and long and repeated hours of study, demonstrated again and again by the young Adela \u0218ulea, from the \u201dMiron Costin\" secondary school, who is always present at cultural events that bring poetry back to us.<\/p>\n<p>Moreover, in our charity event we also organized a book fair, \u201eChurch School\u201d, consisting of books signed by children and young people, students and teachers, offered by the authors precisely to contribute to the success of the project. From the children, the booklet \u201eThe Queen and Friendly Fruits\u201d, signed by Efrema-Ecaterina Matei, from 1st grade, from the \u201dGrigore Ghica Voievod\u201d Secondary School in Suceava; from the teachers:  Aura Mihoc, from Ipote\u0219ti Elementary School; Lenu\u021ba Rusu, coordinator of the Vocal Group \u201eMoldava\u201d of the Children's Club of F\u0103lticeni; Oana-Diana Onesim, from the Technical College \u201ePetru Musat\u201d Suceava; Vasile Schipor, from the Technological High School \u201eIon Nistor\u201d Vicovu de Sus; Fr. drd. Cezar Onesim, and, yes, also Moara (mea) de g\u00e2nduri, recently published by Crimca Publishing House of the Archdiocese of Suceava and R\u0103d\u0103u\u021bilor.<\/p>\n<p>For whole hours, they accompanied us and told us about and supported us the Midsummer's, because it's impossible to have a children's show, on Midsummer's, without Midsummer's. And the little ones, especially, are in great need of other children and young people around them who are \u201ebeautiful to follow\u201d. As they are: Bianca-Gabriela Roman, student at the Faculty of Education Sciences, \u201eStefan cel Mare\u201d University of Suceava, and referent in the eparchial center of the Archdiocese of Suceava and R\u0103d\u0103u\u021bilor and Alexia Ursu\u021bu, student sergeant major, from the National Military College \u201eStefan cel Mare\u201d, C\u00e2mpulung Moldovenesc, member of the national Olympic team in religion, this year, facilitator for socio-educational activities in the Sunday School of Bogd\u0103ne\u0219ti.<\/p>\n<p>We have fulfilled a dream for which we have twinned with the Good and for which the Good has also helped us. With what he has gathered <strong>ChildOmenia<\/strong>,we're gonna send <strong><em>Bold on the road to knowledge <\/em><\/strong>five children from the Center for Protection Services for Children in Need R\u0103d\u0103u\u021bi - Solca, respectively the Solca \u201eFriendship\u201d Family Home, and we will also prepare their suitcases for their vacation days. Moreover, the children volunteers from the project team have \u201eadvised\u201d us, and I believe that their thought comes from above and is welcome, to organize five summer schools in villages where nothing seems to happen (sorry, if it hurts!); we will buy (as much as we have) the necessary materials and we will volunteer for the hours of facilitating learning and socio-educational and cultural animation. And we are \u201ehere\u201d, if you think you can (still) help us.<\/p>\n<p>Peace and full joy for the children of the world come to us!<\/p>\n<p style=\"text-align: center;\">Daniela Ceredeev, school inspector for religion,<br \/>\nproject coordinator<\/p>\n<p>(*<strong><em>Children's S\u00e2nzienele, a cultural and philanthropic marathon-festival for children and young people <\/em><\/strong>is a project coordinated by the Suceava County School Inspectorate, in partnership with the Archdiocese of Suceava and R\u0103d\u0103u\u021bilor, through the Media and Communication, Educational-Theological and Cultural sectors, with the blessing of His Eminence Archbishop Calinic, the Municipal Theater \u201eMatei Vi\u0219niec\u201d Suceava and Monitorul de Suceava).<\/p>","protected":false},"excerpt":{"rendered":"<p>Se anun\u021ba a fi o zi cum rare sunt. \u0218i s-a-nt\u00e2mplat. Pentru c-a fost chiar un festival-maraton, care-a \u021binut p\u00e2n\u0103 spre \u00eennoptat. \u0218i ne-a adus tuturor, (pu\u021bin peste 400 de [&hellip;]<\/p>\n","protected":false},"author":1,"featured_media":3284,"comment_status":"open","ping_status":"open","sticky":false,"template":"","format":"standard","meta":{"_acf_changed":false,"footnotes":""},"categories":[41],"tags":[],"class_list":["post-3283","post","type-post","status-publish","format-standard","has-post-thumbnail","hentry","category-articole"],"acf":[],"yoast_head":"<!-- This site is optimized with the Yoast SEO Premium plugin v27.4 (Yoast SEO v27.4) - https:\/\/yoast.com\/product\/yoast-seo-premium-wordpress\/ -->\n<title>La S\u00e2nzienele Copiilor, au izb\u00e2ndit bucuria \u0219i omenia - Editura CRIMCA<\/title>\n<meta name=\"robots\" content=\"index, follow, max-snippet:-1, max-image-preview:large, max-video-preview:-1\" \/>\n<link rel=\"canonical\" href=\"https:\/\/edituracrimca.ro\/en\/at-the-childrens-sanzienele-joy-and-humanity-have-broken-out\/\" \/>\n<meta property=\"og:locale\" content=\"en_US\" \/>\n<meta property=\"og:type\" content=\"article\" \/>\n<meta property=\"og:title\" content=\"La S\u00e2nzienele Copiilor, au izb\u00e2ndit bucuria \u0219i omenia\" \/>\n<meta property=\"og:description\" content=\"Se anun\u021ba a fi o zi cum rare sunt. \u0218i s-a-nt\u00e2mplat. Pentru c-a fost chiar un festival-maraton, care-a \u021binut p\u00e2n\u0103 spre \u00eennoptat. \u0218i ne-a adus tuturor, (pu\u021bin peste 400 de [&hellip;]\" \/>\n<meta property=\"og:url\" content=\"https:\/\/edituracrimca.ro\/en\/at-the-childrens-sanzienele-joy-and-humanity-have-broken-out\/\" \/>\n<meta property=\"og:site_name\" content=\"Editura CRIMCA\" \/>\n<meta property=\"article:publisher\" content=\"https:\/\/web.facebook.com\/EdCrimca\" \/>\n<meta property=\"article:published_time\" content=\"2022-06-25T19:00:14+00:00\" \/>\n<meta property=\"og:image\" content=\"https:\/\/edituracrimca.ro\/wp-content\/uploads\/2026\/04\/DSC_0065-scaled-1.jpg\" \/>\n\t<meta property=\"og:image:width\" content=\"2560\" \/>\n\t<meta property=\"og:image:height\" content=\"1506\" \/>\n\t<meta property=\"og:image:type\" content=\"image\/jpeg\" \/>\n<meta name=\"author\" content=\"Redac\u021bia Crimca\" \/>\n<meta name=\"twitter:card\" content=\"summary_large_image\" \/>\n<meta name=\"twitter:label1\" content=\"Written by\" \/>\n\t<meta name=\"twitter:data1\" content=\"Redac\u021bia Crimca\" \/>\n\t<meta name=\"twitter:label2\" content=\"Est. reading time\" \/>\n\t<meta name=\"twitter:data2\" content=\"8 minutes\" \/>\n<script type=\"application\/ld+json\" class=\"yoast-schema-graph\">{\"@context\":\"https:\\\/\\\/schema.org\",\"@graph\":[{\"@type\":\"Article\",\"@id\":\"https:\\\/\\\/edituracrimca.ro\\\/la-sanzienele-copiilor-au-izbandit-bucuria-si-omenia\\\/#article\",\"isPartOf\":{\"@id\":\"https:\\\/\\\/edituracrimca.ro\\\/la-sanzienele-copiilor-au-izbandit-bucuria-si-omenia\\\/\"},\"author\":{\"name\":\"Redac\u021bia Crimca\",\"@id\":\"https:\\\/\\\/edituracrimca.ro\\\/#\\\/schema\\\/person\\\/5b7f887204bde5d4dbc2b5c8bb69494d\"},\"headline\":\"La S\u00e2nzienele Copiilor, au izb\u00e2ndit bucuria \u0219i omenia\",\"datePublished\":\"2022-06-25T19:00:14+00:00\",\"mainEntityOfPage\":{\"@id\":\"https:\\\/\\\/edituracrimca.ro\\\/la-sanzienele-copiilor-au-izbandit-bucuria-si-omenia\\\/\"},\"wordCount\":1552,\"commentCount\":0,\"publisher\":{\"@id\":\"https:\\\/\\\/edituracrimca.ro\\\/#organization\"},\"image\":{\"@id\":\"https:\\\/\\\/edituracrimca.ro\\\/la-sanzienele-copiilor-au-izbandit-bucuria-si-omenia\\\/#primaryimage\"},\"thumbnailUrl\":\"https:\\\/\\\/edituracrimca.ro\\\/wp-content\\\/uploads\\\/2026\\\/04\\\/DSC_0065-scaled-1.jpg\",\"articleSection\":[\"Articole\"],\"inLanguage\":\"en-US\",\"potentialAction\":[{\"@type\":\"CommentAction\",\"name\":\"Comment\",\"target\":[\"https:\\\/\\\/edituracrimca.ro\\\/la-sanzienele-copiilor-au-izbandit-bucuria-si-omenia\\\/#respond\"]}]},{\"@type\":\"WebPage\",\"@id\":\"https:\\\/\\\/edituracrimca.ro\\\/la-sanzienele-copiilor-au-izbandit-bucuria-si-omenia\\\/\",\"url\":\"https:\\\/\\\/edituracrimca.ro\\\/la-sanzienele-copiilor-au-izbandit-bucuria-si-omenia\\\/\",\"name\":\"La S\u00e2nzienele Copiilor, au izb\u00e2ndit bucuria \u0219i omenia - Editura CRIMCA\",\"isPartOf\":{\"@id\":\"https:\\\/\\\/edituracrimca.ro\\\/#website\"},\"primaryImageOfPage\":{\"@id\":\"https:\\\/\\\/edituracrimca.ro\\\/la-sanzienele-copiilor-au-izbandit-bucuria-si-omenia\\\/#primaryimage\"},\"image\":{\"@id\":\"https:\\\/\\\/edituracrimca.ro\\\/la-sanzienele-copiilor-au-izbandit-bucuria-si-omenia\\\/#primaryimage\"},\"thumbnailUrl\":\"https:\\\/\\\/edituracrimca.ro\\\/wp-content\\\/uploads\\\/2026\\\/04\\\/DSC_0065-scaled-1.jpg\",\"datePublished\":\"2022-06-25T19:00:14+00:00\",\"breadcrumb\":{\"@id\":\"https:\\\/\\\/edituracrimca.ro\\\/la-sanzienele-copiilor-au-izbandit-bucuria-si-omenia\\\/#breadcrumb\"},\"inLanguage\":\"en-US\",\"potentialAction\":[{\"@type\":\"ReadAction\",\"target\":[\"https:\\\/\\\/edituracrimca.ro\\\/la-sanzienele-copiilor-au-izbandit-bucuria-si-omenia\\\/\"]}]},{\"@type\":\"ImageObject\",\"inLanguage\":\"en-US\",\"@id\":\"https:\\\/\\\/edituracrimca.ro\\\/la-sanzienele-copiilor-au-izbandit-bucuria-si-omenia\\\/#primaryimage\",\"url\":\"https:\\\/\\\/edituracrimca.ro\\\/wp-content\\\/uploads\\\/2026\\\/04\\\/DSC_0065-scaled-1.jpg\",\"contentUrl\":\"https:\\\/\\\/edituracrimca.ro\\\/wp-content\\\/uploads\\\/2026\\\/04\\\/DSC_0065-scaled-1.jpg\",\"width\":2560,\"height\":1506},{\"@type\":\"BreadcrumbList\",\"@id\":\"https:\\\/\\\/edituracrimca.ro\\\/la-sanzienele-copiilor-au-izbandit-bucuria-si-omenia\\\/#breadcrumb\",\"itemListElement\":[{\"@type\":\"ListItem\",\"position\":1,\"name\":\"Prima pagin\u0103\",\"item\":\"https:\\\/\\\/edituracrimca.ro\\\/\"},{\"@type\":\"ListItem\",\"position\":2,\"name\":\"La S\u00e2nzienele Copiilor, au izb\u00e2ndit bucuria \u0219i omenia\"}]},{\"@type\":\"WebSite\",\"@id\":\"https:\\\/\\\/edituracrimca.ro\\\/#website\",\"url\":\"https:\\\/\\\/edituracrimca.ro\\\/\",\"name\":\"Editura CRIMCA\",\"description\":\"Cuv\u00e2ntul care Zide\u0219te\",\"publisher\":{\"@id\":\"https:\\\/\\\/edituracrimca.ro\\\/#organization\"},\"potentialAction\":[{\"@type\":\"SearchAction\",\"target\":{\"@type\":\"EntryPoint\",\"urlTemplate\":\"https:\\\/\\\/edituracrimca.ro\\\/?s={search_term_string}\"},\"query-input\":{\"@type\":\"PropertyValueSpecification\",\"valueRequired\":true,\"valueName\":\"search_term_string\"}}],\"inLanguage\":\"en-US\"},{\"@type\":\"Organization\",\"@id\":\"https:\\\/\\\/edituracrimca.ro\\\/#organization\",\"name\":\"Editura CRIMCA\",\"url\":\"https:\\\/\\\/edituracrimca.ro\\\/\",\"logo\":{\"@type\":\"ImageObject\",\"inLanguage\":\"en-US\",\"@id\":\"https:\\\/\\\/edituracrimca.ro\\\/#\\\/schema\\\/logo\\\/image\\\/\",\"url\":\"https:\\\/\\\/edituracrimca.ro\\\/wp-content\\\/uploads\\\/2026\\\/04\\\/editura-crimca.svg\",\"contentUrl\":\"https:\\\/\\\/edituracrimca.ro\\\/wp-content\\\/uploads\\\/2026\\\/04\\\/editura-crimca.svg\",\"width\":601,\"height\":206,\"caption\":\"Editura CRIMCA\"},\"image\":{\"@id\":\"https:\\\/\\\/edituracrimca.ro\\\/#\\\/schema\\\/logo\\\/image\\\/\"},\"sameAs\":[\"https:\\\/\\\/web.facebook.com\\\/EdCrimca\",\"https:\\\/\\\/www.instagram.com\\\/jurnalculturalcrimca\\\/\"]},{\"@type\":\"Person\",\"@id\":\"https:\\\/\\\/edituracrimca.ro\\\/#\\\/schema\\\/person\\\/5b7f887204bde5d4dbc2b5c8bb69494d\",\"name\":\"Redac\u021bia Crimca\",\"image\":{\"@type\":\"ImageObject\",\"inLanguage\":\"en-US\",\"@id\":\"https:\\\/\\\/secure.gravatar.com\\\/avatar\\\/6601f5df8e430f79765c73046ffb89c63ac0d515cb35f47fb5cc9d2386d86ba8?s=96&d=mm&r=g\",\"url\":\"https:\\\/\\\/secure.gravatar.com\\\/avatar\\\/6601f5df8e430f79765c73046ffb89c63ac0d515cb35f47fb5cc9d2386d86ba8?s=96&d=mm&r=g\",\"contentUrl\":\"https:\\\/\\\/secure.gravatar.com\\\/avatar\\\/6601f5df8e430f79765c73046ffb89c63ac0d515cb35f47fb5cc9d2386d86ba8?s=96&d=mm&r=g\",\"caption\":\"Redac\u021bia Crimca\"},\"sameAs\":[\"https:\\\/\\\/edituracrimca.ro\"],\"url\":\"https:\\\/\\\/edituracrimca.ro\\\/en\\\/author\\\/admin_lmlz7ose\\\/\"}]}<\/script>\n<!-- \/ Yoast SEO Premium plugin. -->","yoast_head_json":{"title":"At the Children's Midsummer, joy and humanity triumphed - CRIMCA Publishing House","robots":{"index":"index","follow":"follow","max-snippet":"max-snippet:-1","max-image-preview":"max-image-preview:large","max-video-preview":"max-video-preview:-1"},"canonical":"https:\/\/edituracrimca.ro\/en\/at-the-childrens-sanzienele-joy-and-humanity-have-broken-out\/","og_locale":"en_US","og_type":"article","og_title":"La S\u00e2nzienele Copiilor, au izb\u00e2ndit bucuria \u0219i omenia","og_description":"Se anun\u021ba a fi o zi cum rare sunt. \u0218i s-a-nt\u00e2mplat. Pentru c-a fost chiar un festival-maraton, care-a \u021binut p\u00e2n\u0103 spre \u00eennoptat. \u0218i ne-a adus tuturor, (pu\u021bin peste 400 de [&hellip;]","og_url":"https:\/\/edituracrimca.ro\/en\/at-the-childrens-sanzienele-joy-and-humanity-have-broken-out\/","og_site_name":"Editura CRIMCA","article_publisher":"https:\/\/web.facebook.com\/EdCrimca","article_published_time":"2022-06-25T19:00:14+00:00","og_image":[{"width":2560,"height":1506,"url":"https:\/\/edituracrimca.ro\/wp-content\/uploads\/2026\/04\/DSC_0065-scaled-1.jpg","type":"image\/jpeg"}],"author":"Redac\u021bia Crimca","twitter_card":"summary_large_image","twitter_misc":{"Written by":"Redac\u021bia Crimca","Est. reading time":"8 minutes"},"schema":{"@context":"https:\/\/schema.org","@graph":[{"@type":"Article","@id":"https:\/\/edituracrimca.ro\/la-sanzienele-copiilor-au-izbandit-bucuria-si-omenia\/#article","isPartOf":{"@id":"https:\/\/edituracrimca.ro\/la-sanzienele-copiilor-au-izbandit-bucuria-si-omenia\/"},"author":{"name":"Redac\u021bia Crimca","@id":"https:\/\/edituracrimca.ro\/#\/schema\/person\/5b7f887204bde5d4dbc2b5c8bb69494d"},"headline":"La S\u00e2nzienele Copiilor, au izb\u00e2ndit bucuria \u0219i omenia","datePublished":"2022-06-25T19:00:14+00:00","mainEntityOfPage":{"@id":"https:\/\/edituracrimca.ro\/la-sanzienele-copiilor-au-izbandit-bucuria-si-omenia\/"},"wordCount":1552,"commentCount":0,"publisher":{"@id":"https:\/\/edituracrimca.ro\/#organization"},"image":{"@id":"https:\/\/edituracrimca.ro\/la-sanzienele-copiilor-au-izbandit-bucuria-si-omenia\/#primaryimage"},"thumbnailUrl":"https:\/\/edituracrimca.ro\/wp-content\/uploads\/2026\/04\/DSC_0065-scaled-1.jpg","articleSection":["Articole"],"inLanguage":"en-US","potentialAction":[{"@type":"CommentAction","name":"Comment","target":["https:\/\/edituracrimca.ro\/la-sanzienele-copiilor-au-izbandit-bucuria-si-omenia\/#respond"]}]},{"@type":"WebPage","@id":"https:\/\/edituracrimca.ro\/la-sanzienele-copiilor-au-izbandit-bucuria-si-omenia\/","url":"https:\/\/edituracrimca.ro\/la-sanzienele-copiilor-au-izbandit-bucuria-si-omenia\/","name":"At the Children's Midsummer, joy and humanity triumphed - CRIMCA Publishing House","isPartOf":{"@id":"https:\/\/edituracrimca.ro\/#website"},"primaryImageOfPage":{"@id":"https:\/\/edituracrimca.ro\/la-sanzienele-copiilor-au-izbandit-bucuria-si-omenia\/#primaryimage"},"image":{"@id":"https:\/\/edituracrimca.ro\/la-sanzienele-copiilor-au-izbandit-bucuria-si-omenia\/#primaryimage"},"thumbnailUrl":"https:\/\/edituracrimca.ro\/wp-content\/uploads\/2026\/04\/DSC_0065-scaled-1.jpg","datePublished":"2022-06-25T19:00:14+00:00","breadcrumb":{"@id":"https:\/\/edituracrimca.ro\/la-sanzienele-copiilor-au-izbandit-bucuria-si-omenia\/#breadcrumb"},"inLanguage":"en-US","potentialAction":[{"@type":"ReadAction","target":["https:\/\/edituracrimca.ro\/la-sanzienele-copiilor-au-izbandit-bucuria-si-omenia\/"]}]},{"@type":"ImageObject","inLanguage":"en-US","@id":"https:\/\/edituracrimca.ro\/la-sanzienele-copiilor-au-izbandit-bucuria-si-omenia\/#primaryimage","url":"https:\/\/edituracrimca.ro\/wp-content\/uploads\/2026\/04\/DSC_0065-scaled-1.jpg","contentUrl":"https:\/\/edituracrimca.ro\/wp-content\/uploads\/2026\/04\/DSC_0065-scaled-1.jpg","width":2560,"height":1506},{"@type":"BreadcrumbList","@id":"https:\/\/edituracrimca.ro\/la-sanzienele-copiilor-au-izbandit-bucuria-si-omenia\/#breadcrumb","itemListElement":[{"@type":"ListItem","position":1,"name":"Prima pagin\u0103","item":"https:\/\/edituracrimca.ro\/"},{"@type":"ListItem","position":2,"name":"La S\u00e2nzienele Copiilor, au izb\u00e2ndit bucuria \u0219i omenia"}]},{"@type":"WebSite","@id":"https:\/\/edituracrimca.ro\/#website","url":"https:\/\/edituracrimca.ro\/","name":"CRIMCA Publishing House","description":"The Word that Builds","publisher":{"@id":"https:\/\/edituracrimca.ro\/#organization"},"potentialAction":[{"@type":"SearchAction","target":{"@type":"EntryPoint","urlTemplate":"https:\/\/edituracrimca.ro\/?s={search_term_string}"},"query-input":{"@type":"PropertyValueSpecification","valueRequired":true,"valueName":"search_term_string"}}],"inLanguage":"en-US"},{"@type":"Organization","@id":"https:\/\/edituracrimca.ro\/#organization","name":"CRIMCA Publishing House","url":"https:\/\/edituracrimca.ro\/","logo":{"@type":"ImageObject","inLanguage":"en-US","@id":"https:\/\/edituracrimca.ro\/#\/schema\/logo\/image\/","url":"https:\/\/edituracrimca.ro\/wp-content\/uploads\/2026\/04\/editura-crimca.svg","contentUrl":"https:\/\/edituracrimca.ro\/wp-content\/uploads\/2026\/04\/editura-crimca.svg","width":601,"height":206,"caption":"Editura CRIMCA"},"image":{"@id":"https:\/\/edituracrimca.ro\/#\/schema\/logo\/image\/"},"sameAs":["https:\/\/web.facebook.com\/EdCrimca","https:\/\/www.instagram.com\/jurnalculturalcrimca\/"]},{"@type":"Person","@id":"https:\/\/edituracrimca.ro\/#\/schema\/person\/5b7f887204bde5d4dbc2b5c8bb69494d","name":"Crimca Newsroom","image":{"@type":"ImageObject","inLanguage":"en-US","@id":"https:\/\/secure.gravatar.com\/avatar\/6601f5df8e430f79765c73046ffb89c63ac0d515cb35f47fb5cc9d2386d86ba8?s=96&d=mm&r=g","url":"https:\/\/secure.gravatar.com\/avatar\/6601f5df8e430f79765c73046ffb89c63ac0d515cb35f47fb5cc9d2386d86ba8?s=96&d=mm&r=g","contentUrl":"https:\/\/secure.gravatar.com\/avatar\/6601f5df8e430f79765c73046ffb89c63ac0d515cb35f47fb5cc9d2386d86ba8?s=96&d=mm&r=g","caption":"Redac\u021bia Crimca"},"sameAs":["https:\/\/edituracrimca.ro"],"url":"https:\/\/edituracrimca.ro\/en\/author\/admin_lmlz7ose\/"}]}},"_links":{"self":[{"href":"https:\/\/edituracrimca.ro\/en\/wp-json\/wp\/v2\/posts\/3283","targetHints":{"allow":["GET"]}}],"collection":[{"href":"https:\/\/edituracrimca.ro\/en\/wp-json\/wp\/v2\/posts"}],"about":[{"href":"https:\/\/edituracrimca.ro\/en\/wp-json\/wp\/v2\/types\/post"}],"author":[{"embeddable":true,"href":"https:\/\/edituracrimca.ro\/en\/wp-json\/wp\/v2\/users\/1"}],"replies":[{"embeddable":true,"href":"https:\/\/edituracrimca.ro\/en\/wp-json\/wp\/v2\/comments?post=3283"}],"version-history":[{"count":0,"href":"https:\/\/edituracrimca.ro\/en\/wp-json\/wp\/v2\/posts\/3283\/revisions"}],"wp:featuredmedia":[{"embeddable":true,"href":"https:\/\/edituracrimca.ro\/en\/wp-json\/wp\/v2\/media\/3284"}],"wp:attachment":[{"href":"https:\/\/edituracrimca.ro\/en\/wp-json\/wp\/v2\/media?parent=3283"}],"wp:term":[{"taxonomy":"category","embeddable":true,"href":"https:\/\/edituracrimca.ro\/en\/wp-json\/wp\/v2\/categories?post=3283"},{"taxonomy":"post_tag","embeddable":true,"href":"https:\/\/edituracrimca.ro\/en\/wp-json\/wp\/v2\/tags?post=3283"}],"curies":[{"name":"wp","href":"https:\/\/api.w.org\/{rel}","templated":true}]}}