{"id":3279,"date":"2022-06-04T18:15:42","date_gmt":"2022-06-04T16:15:42","guid":{"rendered":"https:\/\/edituracrimca.ro\/constituirea-noii-adunari-eparhiale-a-avut-loc-in-arhiepiscopia-sucevei-si-radautilor\/"},"modified":"2022-06-04T18:15:42","modified_gmt":"2022-06-04T16:15:42","slug":"the-constitution-of-the-new-eparchial-assembly-took-place-in-the-archdiocese-of-suceva-and-radautilor","status":"publish","type":"post","link":"https:\/\/edituracrimca.ro\/en\/the-constitution-of-the-new-eparchial-assembly-took-place-in-the-archdiocese-of-suceva-and-radautilor\/","title":{"rendered":"The constitution of the new Eparchial Assembly took place in the Archdiocese of Suceava and R\u0103d\u0103u\u021bilor"},"content":{"rendered":"<p>S\u00e2mb\u0103t\u0103, 4 iunie 2022, c\u00e2nd Biserica Ortodox\u0103 \u00eei pr\u0103znuie\u0219te pe Sfin\u021bii Martiri de la Niculi\u021bel, Zotic, Atal, Camasie \u015fi Filip, \u00een Sala \u201ePimen Arhiepiscopul\u201d a Centrului Eparhial a avut loc \u0219edin\u021ba de constituire a noii Adun\u0103ri Eparhiale a Arhiepiscopiei Sucevei \u0219i R\u0103d\u0103u\u021bilor.<\/p>\n<p>\u00cen deschidere, \u00cenaltpreasfin\u021bitul P\u0103rinte Arhiepiscop Calinic, consilierii \u0219i inspectorii eparhiali, precum \u0219i membrii ale\u0219i ai forului bisericesc, clerici \u0219i mireni, au participat la slujba <em>Te-Deum<\/em>, s\u0103v\u00e2r\u0219it\u0103 \u00een Biserica \u201eSf\u00e2ntul Gheorghe\u201d a M\u0103n\u0103stirii \u201eSf\u00e2ntul Ioan cel Nou\u201d, Catedrala Arhiepiscopal\u0103 din Suceava, de c\u0103tre Preasfin\u021bitul P\u0103rinte Damaschin Dorneanul, Episcop-Vicar, \u00eenconjurat de un sobor de preo\u021bi \u0219i diaconi.<\/p>\n<p>Lucr\u0103rile \u0219edin\u021bei extraordinare au debutat cu mesajul de bun venit al \u00cenaltpreasfin\u021bitului P\u0103rinte Calinic, urmat apoi de cuv\u00e2ntul PC Pr. Dimitrie Horga, consilier eparhial \u00een cadrul Sectorului Administrativ-Bisericesc, ce a prezentat succint metodologia de alegere a noii componen\u021be a Adun\u0103rii Eparhiale pentru un nou mandat de 4 ani, \u00een perioada 2022-2026.<\/p>\n<p>A urmat apoi nominalizarea \u0219i constituirea unui secretariat provizoriu, condus de PC Pr. Constantin Georgian Rotar care, dup\u0103 apelul nominal al membrilor ale\u0219i conform circumscrip\u021biilor electorale din care fac parte, a centralizat mandatele membrilor ale\u0219i, fiind ajutat de secretarii provizorii. Fiind legal constituit\u0103, Pre\u0219edintele Adun\u0103rii a invitat membrii celor zece circumscrip\u021bii electorale s\u0103 se organizeze \u00een dou\u0103 sec\u021biuni pentru verificarea mandatelor, iar mai apoi raportorii acestora, neexist\u00e2nd mandate contestate, au propus validarea alegerilor. Supus\u0103 la vot, noua Adunare Eparhial\u0103 a fost declarat\u0103 de c\u0103tre \u00cenaltpreasfin\u021bitul P\u0103rinte Calinic legal constituit\u0103 \u0219i capabil\u0103 de a lua hot\u0103r\u00e2ri.<\/p>\n<p>Dup\u0103 alc\u0103tuirea Biroului Adun\u0103rii Eparhiale, secretarul general, desemnat \u00een persoana PC Pr. Constantin Georgian Rotar, a dat citire ordinii de zi, \u00een cadrul c\u0103reia a fost citit\u0103 lista membrilor titulari \u0219i onorifici \u00een mandatul 2022-2026 \u0219i s-au constituit cele 5 comisii ale adun\u0103rii: administrativ-bisericeasc\u0103, cultural\u0103 \u0219i educa\u021bional\u0103, economic\u0103, bugetar\u0103 \u0219i patrimonial\u0103, social filantropic\u0103 \u0219i cea organizatoric\u0103, juridic\u0103 \u0219i de validare. Fiecare dintre aceste comisii este format\u0103 din doi clerici \u0219i patru mireni.<\/p>\n<p>\u0218edin\u021ba a continuat cu alegerea \u0219i delegarea membrilor pentru Adunarea Na\u021bional\u0103 Bisericeasc\u0103, a celor din Consiliul Eparhial (3 clerici \u0219i 6 mireni) \u0219i din Consistoriul Eparhial \u0219i Monahal. Totodat\u0103, au fost desemna\u021bi spre a fi aproba\u021bi de Sinodul Mitropolitan, ca membri \u00een Consistoriile Mitropolitane, 2 clerici, respectiv 2 clerici monahi pentru Consistoriul Monahal.<\/p>\n<p>Prezen\u021bi la \u0219edin\u021ba extraordinar\u0103 de constituire a noii Adun\u0103ri Eparhiale, domnul deputat Ioan Stan, domnul ing. Gheorghe Flutur, Pre\u0219edintele Consiliului Jude\u021bean, precum \u0219i domnul ec. Ion Lungu, Primarul Municipiului Suceava, au fost propu\u0219i ca invita\u021bi permanen\u021bi ai Adun\u0103rii pentru perioada 2022-2026.<\/p>\n<p>Ultimul punct al ordinii de zi a fost reprezentat de lu\u0103rile de cuv\u00e2nt din partea celor prezen\u021bi. \u00cenaltpreasfin\u021bia Sa i-a invitat la microfon pe to\u021bi cei care doresc s\u0103 puncteze anumite aspecte, urm\u00e2nd ca secretariatul s\u0103 noteze \u00een procesul verbal aspectele relevante.<\/p>\n<p>Domnul Gheorghe Flutur a mul\u021bumit \u00cenaltpreasfin\u021bitului P\u0103rinte Arhiepiscop pentru invita\u021bia de a lua parte la Adunarea Eparhial\u0103 \u0219i l-a felicitat pentru \u00eentreaga organizare a unui astfel de eveniment. Totodat\u0103, domnia sa i-a felicitat pe to\u021bi membrii forului bisericesc \u0219i le-a urat mult succes \u00een misiunea pe care o au:<\/p>\n<p>\u201eV\u0103 doresc succes \u0219i ne dorim succes pentru misiunea pe care o avem. E foarte important s\u0103 ne \u00een\u021belegem misiunea \u00een noua conjunctur\u0103 \u0219i s\u0103 definim provoc\u0103rile la care inteligent va trebui s\u0103 r\u0103spundem \u00een perioada care urmeaz\u0103. Pentru c\u0103 lumea este \u00een schimbare, omenirea este \u00een schimbare, iar r\u0103zboiul de la grani\u021bele noastre ne face s\u0103 g\u00e2ndim pu\u021bin altfel, s\u0103 ne organiz\u0103m altfel priorit\u0103\u021bile.\u201d<\/p>\n<p>Printre provoc\u0103rile societ\u0103\u021bii semnalate de domnia sa amintim sc\u0103derea natalit\u0103\u021bii, cauzat\u0103 de exodul masiv al popula\u021biei \u00een afara grani\u021belor \u021b\u0103rii, precum \u0219i conflictul dintre modernitate \u0219i tradi\u021bionalism, \u00een urma c\u0103ruia, de cele mai multe ori, valorile na\u021bionale rom\u00e2ne\u0219ti au de suferit. \u201eSunt provoc\u0103ri la care cred c\u0103 trebuie s\u0103 g\u0103sim r\u0103spuns \u0219i fiecare dintre noi, \u0219i \u00eempreun\u0103, pentru c\u0103 sunt provoc\u0103ri la care este a\u0219teptat\u0103 s\u0103 intervin\u0103 Biserica Ortodox\u0103. \u0218i ea intervine, eu v\u0103d, o simt, dar este a\u0219teptat\u0103 \u00een continuare s\u0103 intervin\u0103 pentru c\u0103 \u00een istorie Biserica neamului a fost un pilon de stabilitate [&#8230;] Avem o misiune important\u0103, \u0219i anume s\u0103 punem \u00een valoare familia \u0219i toate valorile tradi\u021bionale rom\u00e2ne\u0219ti: religia, Biserica, credin\u021ba; toate acestea cred c\u0103 trebuie s\u0103 le ap\u0103r\u0103m mai bine, s\u0103 fim exemple personale. [&#8230;] S\u0103 aducem tinerii \u0219i familiile la biseric\u0103. Nu v\u0103 spun aceasta dumneavoastr\u0103. Eu \u00eemi spun mie ca \u0219ef al administra\u021biei jude\u021bene, spun acest lucru colegilor mei primari, pentru c\u0103 avem aceast\u0103 misiune.\u201d<\/p>\n<p>A urmat apoi domnul senator Ioan Stan, care a mul\u021bumit celor de fa\u021b\u0103 pentru votul de a fi invitat permanent al Adun\u0103rii Eparhiale, promi\u021b\u00e2nd totodat\u0103 tot sprijinul \u00een demersurile pe care le face Arhiepiscopia Sucevei \u0219i R\u0103d\u0103u\u021bilor \u00een vederea construirii unui nou Centru Eparhial. \u0218i domnul primar al Municipiului Suceava, Ion Lungu, \u0219i-a ar\u0103tat deschiderea de a se al\u0103tura acestui demers ini\u021biat de \u00cenaltpreasfin\u021bitul P\u0103rinte Arhiepiscop Calinic, subliniind faptul c\u0103 este o provocare pentru membrii Adun\u0103rii Eparhiale de a \u00eemplini acest deziderat. \u00cen cuv\u00e2ntul adresat celor prezen\u021bi, domnia sa a punctat sprijinul financiar oferit de institu\u021bia pe care o conduce, dar \u0219i fructuoasa colaborare la nivel social-filantropic realizat\u0103 \u00eentre institu\u021bii.<\/p>\n<p>Au mai luat cuv\u00e2ntul domnul Ioan Burlui, general de brigad\u0103 (\u00een rezerv\u0103) \u0219i Pre\u015fedinte al Filialei Jude\u0163ene \u201ePl\u0103ie\u015fii\u201d Suceava a Asocia\u0163iei Na\u0163ionale Cultul Eroilor \u201eRegina Maria\u201d, \u0219i domnul doctor Valeriu Gavrilovici, aflat la al doilea mandat consecutiv \u00een Adunarea Eparhial\u0103 a Arhiepiscopiei Sucevei \u0219i R\u0103d\u0103u\u021bilor. Domnia sa a adus \u00een discu\u021bie m\u0103surile luate de autorit\u0103\u021bi \u00een perioada pandemic\u0103, mai ales \u00een preajma S\u0103rb\u0103torilor Pascale a anului 2020, c\u00e2nd toate bisericile au fost obligate s\u0103-\u0219i \u00eenchid\u0103 por\u021bile. \u201eS-a luat pur \u0219i simplu dreptul de a merge la biseric\u0103. Pentru c\u0103 a\u0219a cum grija pentru trup este de la sine \u00een\u021beleas\u0103 \u0219i fiecare om are grij\u0103 s\u0103 \u00ee\u0219i caute de s\u0103n\u0103tate \u0219i s\u0103 mearg\u0103 la doctor sau la spital atunci c\u00e2nd are nevoie, nu se poate ca grija pentru minte, suflet, spirit s\u0103 fie considerat\u0103 de rangul al doilea. Dictonul latin, pe care \u00eel \u0219tim cu to\u021bii, <em>Mens sana in corpore sano<\/em> ne spune c\u0103 \u00eent\u00e2i mintea trebuie s\u0103 fie s\u0103n\u0103toas\u0103. Ori mintea at\u00e2tor oameni (&#8230;) s-a alterat, a fost afectat\u0103.\u201d Familia \u0219i problema demografic\u0103, asaltul ideologic al re\u021belelor sociale \u0219i impactul nefast al acestora asupra celor tineri, precum \u0219i necesitatea promov\u0103rii patriotismului \u0219i a cunoa\u0219terii istoriei poporului rom\u00e2n sunt alte aspecte aduse \u00een discu\u021bie de medicul sucevean, care \u00een \u00eencheiere, parafraz\u00e2ndu-l pe p\u0103rintele Nicolae Steinhardt, le-a transmis colegilor din Adunarea Eparhial\u0103 c\u0103 un cre\u0219tin adev\u0103rat trebuie s\u0103 fac\u0103 \u0219i ceea ce nu este posibil, pentru c\u0103 \u201ela Dumnezeu totul este cu putin\u021b\u0103\u201d.<\/p>\n<p>Preacucernicul p\u0103rinte Aurel Gora\u0219, protoiereu al Protopopiatului C\u00e2mpulung Moldovenesc, \u00een cuv\u00e2ntul rostit, a remarcat faptul c\u0103 s-a ales aceast\u0103 formul\u0103 \u201e\u00een\u021beleapt\u0103, de a aduna \u00eentr-un singur buchet toate energiile jude\u021bului\u201d cu scopul de a realiza lucr\u0103ri frumoase \u00een mandatul noii Adun\u0103ri Eparhiale.<\/p>\n<p>A urmat arhimandritul Melchisedec Velnic, Exarh al M\u0103n\u0103stirilor care, dup\u0103 mesajul de felicitare transmis celor noi ale\u0219i, a adus \u00een discu\u021bie problema bucovinenilor de dincolo de grani\u021b\u0103, din Ucraina. Acestora le-a fost \u0219i le este \u00eenc\u0103 interzis s\u0103 vorbeasc\u0103 limba rom\u00e2n\u0103, iar c\u0103r\u021bile lipsesc sau sunt pu\u021bine \u0219i scumpe. \u00cen contextul conflictului militar din \u021bara vecin\u0103, sfin\u021bia sa a adus \u00een aten\u021bia Adun\u0103rii Eparhiale faptul c\u0103 \u201easist\u0103m la o depopulare \u0219i, a\u0219 zice eu cumva iar\u0103\u0219i, un fel de epurare \u00een \u021binuturile \u0219i \u00een satele rom\u00e2ne\u0219ti de dincolo.\u201d Un alt aspect semnalat a fost decizia \u00cenaltpreasfin\u021bitului P\u0103rinte Arhiepiscop de a redeschide toate m\u0103n\u0103stirile \u00eenchise \u00een Arhiepiscopia Sucevei \u0219i R\u0103d\u0103u\u021bilor \u00een perioada austriac\u0103, \u00eencep\u00e2nd cu M\u0103n\u0103stirea Solca, loca\u0219 de cult ce anul acesta s\u0103rb\u0103tore\u0219te 400 de ani de la sfin\u021birea ei.<\/p>\n<p>\u00cen cuv\u00e2ntul de \u00eencheiere, \u00cenaltpreasfin\u021bitul P\u0103rinte Calinic a mul\u021bumit tuturor celor care au luat cuv\u00e2ntul \u0219i care \u201eau vorbit ca ni\u0219te patriarhi biblici\u201d \u0219i care \u201eau abordat subiectele holistic, a\u0219a cum de altfel trebuie abordate astfel de subiecte \u00een atari \u00eent\u00e2lniri\u201d. De asemenea, a d\u0103ruit tuturor participan\u021bilor dou\u0103 dintre ultimele lucr\u0103ri semnate ca autor, ap\u0103rute la Editura Crimca, \u201eTanatologie \u0219i nemurire\u201d \u0219i \u201eParabolele \u2013 nestemate ale \u00eenv\u0103\u021b\u0103turii lui Iisus\u201d. Totodat\u0103, pentru a veni \u00een sprijinul fiec\u0103rui membru al Adun\u0103rii Eparhiale atunci c\u00e2nd, la finele anului, va trebui s\u0103 \u00eentocmeasc\u0103 o dare de seam\u0103 asupra activit\u0103\u021bii desf\u0103\u0219urate, \u00cenaltpreasfin\u021bia Sa a preg\u0103tit un <em>Decalog<\/em>, pe care \u00eel public\u0103m \u00een integralitate:<\/p>\n<p style=\"text-align: center;\"><a href=\"https:\/\/www.arhiepiscopiasucevei.ro\/decalogul-membrului-adunarii-eparhiale\/\"><strong><em>DECALOGUL DEPUTA\u021aILOR EPARHIALI<\/em><\/strong><\/a><\/p>\n<ol>\n<li><em> Ar\u0103ta\u0163i-v\u0103 credin\u0163a \u00een Dumnezeu prin slujirea Bisericii \u00een demnitatea la care sunte\u0163i chema\u0163i. <\/em><\/li>\n<li><em> Ap\u0103ra\u0163i valorile Ortodoxiei, m\u0103rturii vii ale identit\u0103\u0163ii poporului rom\u00e2n.<\/em><\/li>\n<li><em> Promova\u0163i \u015fi sus\u0163ine\u0163i ini\u0163iativele \u015fi activit\u0103\u0163ile \u00een desf\u0103\u015furare ale Bisericii.<\/em><\/li>\n<li><em> Propune\u0163i noi proiecte, \u00een comisiile din care face\u0163i parte, care s\u0103 aduc\u0103 un plus-valoare lucr\u0103rii Bisericii.<\/em><\/li>\n<li><em> Sus\u0163ine\u0163i prin interven\u0163iile ce se impun lucr\u0103rile de restaurare, consolidare \u015fi \u00eennoire ale bisericilor \u015fi m\u0103n\u0103stirilor, precum \u015fi de construire a a\u015fez\u0103mintelor sociale.<\/em><\/li>\n<li><em> Fi\u0163i \u00een comunitate apologe\u0163i m\u0103rturisitori ai tezaurului Ortodoxiei.<\/em><\/li>\n<li><em> Eviden\u0163ia\u0163i \u00een societate lucrarea spiritual\u0103, social-filantropic\u0103, cultural\u0103, educa\u0163ional\u0103, misionar\u0103 \u015fi edilitar\u0103 a eparhiei pe care o reprezenta\u0163i.<\/em><\/li>\n<li><em> Nu pregeta\u0163i s\u0103 lua\u0163i atitudine, \u00een scris sau verbal, atunci c\u00e2nd este nedrept\u0103\u0163it\u0103 Biserica.<\/em><\/li>\n<li><em> Ap\u0103ra\u0163i \u015fi promova\u0163i adev\u0103rul c\u00e2nd imaginea Bisericii, respectiv a slujitorilor acesteia, este prejudiciat\u0103.<\/em><\/li>\n<li><em> Lucra\u0163i pentru Biseric\u0103 a\u015fa cum a\u0163i lucra pentru propria dumneavoastr\u0103 familie, c\u0103ci v\u0103 asigur c\u0103 Dumnezeu nu r\u0103m\u00e2ne dator nim\u0103nui.<\/em><\/li>\n<\/ol>\n<p>Conform articolelor 90 \u0219i 91 din Statutul pentru organizarea \u0219i func\u021bionarea Bisericii Ortodoxe Rom\u00e2ne, Adunarea Eparhial\u0103 este organismul deliberativ pentru toate problemele administrative, culturale, social-filantropice, economice \u0219i patrimoniale ale eparhiei.<\/p>\n<p>Adunarea Eparhial\u0103 se compune din reprezentan\u021bii ale\u0219i ai clerului \u0219i ai credincio\u0219ilor, \u00een propor\u021bie de o treime clerici \u0219i dou\u0103 treimi mireni, cu o via\u021b\u0103 moral\u0103 \u0219i religioas\u0103 demn\u0103 de un cre\u0219tin, care au candidat cu binecuv\u00e2ntarea (aprobarea scris\u0103) a ierarhului locului. \u00cen eventualitatea unor ac\u021biuni potrivnice Bisericii, mandatele acestora se revoc\u0103 de c\u0103tre Adunarea Eparhial\u0103, la propunerea chiriarhului.<\/p>\n<p>Membrii mireni \u00een Adunarea Eparhial\u0103 se aleg de c\u0103tre delega\u021bii consiliilor parohiale, constitui\u021bi \u00een colegii electorale mirene\u0219ti, pe circumscrip\u021bii.<\/p>\n<p>Membrii clerici \u00een Adunarea Eparhial\u0103 se aleg de c\u0103tre to\u021bi preo\u021bii \u0219i diaconii \u00een func\u021bie, constitui\u021bi \u00een colegii electorale preo\u021be\u0219ti, pe circumscrip\u021bii. Membrii Adun\u0103rii Eparhiale, clerici \u0219i mireni, se aleg pe termen de patru ani. Ei pot fi ale\u0219i pentru cel mult dou\u0103 mandate. Num\u0103rul lor este de 30.<\/p>\n<h6 style=\"text-align: center;\">Pr. \u0218tefan MIHALCEA<\/h6>\n","protected":false},"excerpt":{"rendered":"<p>S\u00e2mb\u0103t\u0103, 4 iunie 2022, c\u00e2nd Biserica Ortodox\u0103 \u00eei pr\u0103znuie\u0219te pe Sfin\u021bii Martiri de la Niculi\u021bel, Zotic, Atal, Camasie \u015fi Filip, \u00een Sala \u201ePimen Arhiepiscopul\u201d a Centrului Eparhial a avut loc [&hellip;]<\/p>\n","protected":false},"author":1,"featured_media":3280,"comment_status":"open","ping_status":"open","sticky":false,"template":"","format":"standard","meta":{"_acf_changed":false,"footnotes":""},"categories":[41],"tags":[],"class_list":["post-3279","post","type-post","status-publish","format-standard","has-post-thumbnail","hentry","category-articole"],"acf":[],"yoast_head":"<!-- This site is optimized with the Yoast SEO Premium plugin v27.4 (Yoast SEO v27.4) - https:\/\/yoast.com\/product\/yoast-seo-premium-wordpress\/ -->\n<title>Constituirea noii Adun\u0103ri Eparhiale a avut loc \u00een Arhiepiscopia Sucevei \u0219i R\u0103d\u0103u\u021bilor - Editura CRIMCA<\/title>\n<meta name=\"robots\" content=\"index, follow, max-snippet:-1, max-image-preview:large, max-video-preview:-1\" \/>\n<link rel=\"canonical\" href=\"https:\/\/edituracrimca.ro\/en\/the-constitution-of-the-new-eparchial-assembly-took-place-in-the-archdiocese-of-suceva-and-radautilor\/\" \/>\n<meta property=\"og:locale\" content=\"en_US\" \/>\n<meta property=\"og:type\" content=\"article\" \/>\n<meta property=\"og:title\" content=\"Constituirea noii Adun\u0103ri Eparhiale a avut loc \u00een Arhiepiscopia Sucevei \u0219i R\u0103d\u0103u\u021bilor\" \/>\n<meta property=\"og:description\" content=\"S\u00e2mb\u0103t\u0103, 4 iunie 2022, c\u00e2nd Biserica Ortodox\u0103 \u00eei pr\u0103znuie\u0219te pe Sfin\u021bii Martiri de la Niculi\u021bel, Zotic, Atal, Camasie \u015fi Filip, \u00een Sala \u201ePimen Arhiepiscopul\u201d a Centrului Eparhial a avut loc [&hellip;]\" \/>\n<meta property=\"og:url\" content=\"https:\/\/edituracrimca.ro\/en\/the-constitution-of-the-new-eparchial-assembly-took-place-in-the-archdiocese-of-suceva-and-radautilor\/\" \/>\n<meta property=\"og:site_name\" content=\"Editura CRIMCA\" \/>\n<meta property=\"article:publisher\" content=\"https:\/\/web.facebook.com\/EdCrimca\" \/>\n<meta property=\"article:published_time\" content=\"2022-06-04T16:15:42+00:00\" \/>\n<meta property=\"og:image\" content=\"https:\/\/edituracrimca.ro\/wp-content\/uploads\/2026\/04\/IMG_5086-2.jpg\" \/>\n\t<meta property=\"og:image:width\" content=\"2048\" \/>\n\t<meta property=\"og:image:height\" content=\"1304\" \/>\n\t<meta property=\"og:image:type\" content=\"image\/jpeg\" \/>\n<meta name=\"author\" content=\"Redac\u021bia Crimca\" \/>\n<meta name=\"twitter:card\" content=\"summary_large_image\" \/>\n<meta name=\"twitter:label1\" content=\"Written by\" \/>\n\t<meta name=\"twitter:data1\" content=\"Redac\u021bia Crimca\" \/>\n\t<meta name=\"twitter:label2\" content=\"Est. reading time\" \/>\n\t<meta name=\"twitter:data2\" content=\"10 minutes\" \/>\n<script type=\"application\/ld+json\" class=\"yoast-schema-graph\">{\"@context\":\"https:\\\/\\\/schema.org\",\"@graph\":[{\"@type\":\"Article\",\"@id\":\"https:\\\/\\\/edituracrimca.ro\\\/constituirea-noii-adunari-eparhiale-a-avut-loc-in-arhiepiscopia-sucevei-si-radautilor\\\/#article\",\"isPartOf\":{\"@id\":\"https:\\\/\\\/edituracrimca.ro\\\/constituirea-noii-adunari-eparhiale-a-avut-loc-in-arhiepiscopia-sucevei-si-radautilor\\\/\"},\"author\":{\"name\":\"Redac\u021bia Crimca\",\"@id\":\"https:\\\/\\\/edituracrimca.ro\\\/#\\\/schema\\\/person\\\/5b7f887204bde5d4dbc2b5c8bb69494d\"},\"headline\":\"Constituirea noii Adun\u0103ri Eparhiale a avut loc \u00een Arhiepiscopia Sucevei \u0219i R\u0103d\u0103u\u021bilor\",\"datePublished\":\"2022-06-04T16:15:42+00:00\",\"mainEntityOfPage\":{\"@id\":\"https:\\\/\\\/edituracrimca.ro\\\/constituirea-noii-adunari-eparhiale-a-avut-loc-in-arhiepiscopia-sucevei-si-radautilor\\\/\"},\"wordCount\":1961,\"commentCount\":0,\"publisher\":{\"@id\":\"https:\\\/\\\/edituracrimca.ro\\\/#organization\"},\"image\":{\"@id\":\"https:\\\/\\\/edituracrimca.ro\\\/constituirea-noii-adunari-eparhiale-a-avut-loc-in-arhiepiscopia-sucevei-si-radautilor\\\/#primaryimage\"},\"thumbnailUrl\":\"https:\\\/\\\/edituracrimca.ro\\\/wp-content\\\/uploads\\\/2026\\\/04\\\/IMG_5086-2.jpg\",\"articleSection\":[\"Articole\"],\"inLanguage\":\"en-US\",\"potentialAction\":[{\"@type\":\"CommentAction\",\"name\":\"Comment\",\"target\":[\"https:\\\/\\\/edituracrimca.ro\\\/constituirea-noii-adunari-eparhiale-a-avut-loc-in-arhiepiscopia-sucevei-si-radautilor\\\/#respond\"]}]},{\"@type\":\"WebPage\",\"@id\":\"https:\\\/\\\/edituracrimca.ro\\\/constituirea-noii-adunari-eparhiale-a-avut-loc-in-arhiepiscopia-sucevei-si-radautilor\\\/\",\"url\":\"https:\\\/\\\/edituracrimca.ro\\\/constituirea-noii-adunari-eparhiale-a-avut-loc-in-arhiepiscopia-sucevei-si-radautilor\\\/\",\"name\":\"Constituirea noii Adun\u0103ri Eparhiale a avut loc \u00een Arhiepiscopia Sucevei \u0219i R\u0103d\u0103u\u021bilor - Editura CRIMCA\",\"isPartOf\":{\"@id\":\"https:\\\/\\\/edituracrimca.ro\\\/#website\"},\"primaryImageOfPage\":{\"@id\":\"https:\\\/\\\/edituracrimca.ro\\\/constituirea-noii-adunari-eparhiale-a-avut-loc-in-arhiepiscopia-sucevei-si-radautilor\\\/#primaryimage\"},\"image\":{\"@id\":\"https:\\\/\\\/edituracrimca.ro\\\/constituirea-noii-adunari-eparhiale-a-avut-loc-in-arhiepiscopia-sucevei-si-radautilor\\\/#primaryimage\"},\"thumbnailUrl\":\"https:\\\/\\\/edituracrimca.ro\\\/wp-content\\\/uploads\\\/2026\\\/04\\\/IMG_5086-2.jpg\",\"datePublished\":\"2022-06-04T16:15:42+00:00\",\"breadcrumb\":{\"@id\":\"https:\\\/\\\/edituracrimca.ro\\\/constituirea-noii-adunari-eparhiale-a-avut-loc-in-arhiepiscopia-sucevei-si-radautilor\\\/#breadcrumb\"},\"inLanguage\":\"en-US\",\"potentialAction\":[{\"@type\":\"ReadAction\",\"target\":[\"https:\\\/\\\/edituracrimca.ro\\\/constituirea-noii-adunari-eparhiale-a-avut-loc-in-arhiepiscopia-sucevei-si-radautilor\\\/\"]}]},{\"@type\":\"ImageObject\",\"inLanguage\":\"en-US\",\"@id\":\"https:\\\/\\\/edituracrimca.ro\\\/constituirea-noii-adunari-eparhiale-a-avut-loc-in-arhiepiscopia-sucevei-si-radautilor\\\/#primaryimage\",\"url\":\"https:\\\/\\\/edituracrimca.ro\\\/wp-content\\\/uploads\\\/2026\\\/04\\\/IMG_5086-2.jpg\",\"contentUrl\":\"https:\\\/\\\/edituracrimca.ro\\\/wp-content\\\/uploads\\\/2026\\\/04\\\/IMG_5086-2.jpg\",\"width\":2048,\"height\":1304},{\"@type\":\"BreadcrumbList\",\"@id\":\"https:\\\/\\\/edituracrimca.ro\\\/constituirea-noii-adunari-eparhiale-a-avut-loc-in-arhiepiscopia-sucevei-si-radautilor\\\/#breadcrumb\",\"itemListElement\":[{\"@type\":\"ListItem\",\"position\":1,\"name\":\"Prima pagin\u0103\",\"item\":\"https:\\\/\\\/edituracrimca.ro\\\/\"},{\"@type\":\"ListItem\",\"position\":2,\"name\":\"Constituirea noii Adun\u0103ri Eparhiale a avut loc \u00een Arhiepiscopia Sucevei \u0219i R\u0103d\u0103u\u021bilor\"}]},{\"@type\":\"WebSite\",\"@id\":\"https:\\\/\\\/edituracrimca.ro\\\/#website\",\"url\":\"https:\\\/\\\/edituracrimca.ro\\\/\",\"name\":\"Editura CRIMCA\",\"description\":\"Cuv\u00e2ntul care Zide\u0219te\",\"publisher\":{\"@id\":\"https:\\\/\\\/edituracrimca.ro\\\/#organization\"},\"potentialAction\":[{\"@type\":\"SearchAction\",\"target\":{\"@type\":\"EntryPoint\",\"urlTemplate\":\"https:\\\/\\\/edituracrimca.ro\\\/?s={search_term_string}\"},\"query-input\":{\"@type\":\"PropertyValueSpecification\",\"valueRequired\":true,\"valueName\":\"search_term_string\"}}],\"inLanguage\":\"en-US\"},{\"@type\":\"Organization\",\"@id\":\"https:\\\/\\\/edituracrimca.ro\\\/#organization\",\"name\":\"Editura CRIMCA\",\"url\":\"https:\\\/\\\/edituracrimca.ro\\\/\",\"logo\":{\"@type\":\"ImageObject\",\"inLanguage\":\"en-US\",\"@id\":\"https:\\\/\\\/edituracrimca.ro\\\/#\\\/schema\\\/logo\\\/image\\\/\",\"url\":\"https:\\\/\\\/edituracrimca.ro\\\/wp-content\\\/uploads\\\/2026\\\/04\\\/editura-crimca.svg\",\"contentUrl\":\"https:\\\/\\\/edituracrimca.ro\\\/wp-content\\\/uploads\\\/2026\\\/04\\\/editura-crimca.svg\",\"width\":601,\"height\":206,\"caption\":\"Editura CRIMCA\"},\"image\":{\"@id\":\"https:\\\/\\\/edituracrimca.ro\\\/#\\\/schema\\\/logo\\\/image\\\/\"},\"sameAs\":[\"https:\\\/\\\/web.facebook.com\\\/EdCrimca\",\"https:\\\/\\\/www.instagram.com\\\/jurnalculturalcrimca\\\/\"]},{\"@type\":\"Person\",\"@id\":\"https:\\\/\\\/edituracrimca.ro\\\/#\\\/schema\\\/person\\\/5b7f887204bde5d4dbc2b5c8bb69494d\",\"name\":\"Redac\u021bia Crimca\",\"image\":{\"@type\":\"ImageObject\",\"inLanguage\":\"en-US\",\"@id\":\"https:\\\/\\\/secure.gravatar.com\\\/avatar\\\/6601f5df8e430f79765c73046ffb89c63ac0d515cb35f47fb5cc9d2386d86ba8?s=96&d=mm&r=g\",\"url\":\"https:\\\/\\\/secure.gravatar.com\\\/avatar\\\/6601f5df8e430f79765c73046ffb89c63ac0d515cb35f47fb5cc9d2386d86ba8?s=96&d=mm&r=g\",\"contentUrl\":\"https:\\\/\\\/secure.gravatar.com\\\/avatar\\\/6601f5df8e430f79765c73046ffb89c63ac0d515cb35f47fb5cc9d2386d86ba8?s=96&d=mm&r=g\",\"caption\":\"Redac\u021bia Crimca\"},\"sameAs\":[\"https:\\\/\\\/edituracrimca.ro\"],\"url\":\"https:\\\/\\\/edituracrimca.ro\\\/en\\\/author\\\/admin_lmlz7ose\\\/\"}]}<\/script>\n<!-- \/ Yoast SEO Premium plugin. -->","yoast_head_json":{"title":"The constitution of the new Eparchial Assembly took place in the Archdiocese of Suceava and R\u0103d\u0103u\u021bilor - Editura CRIMCA","robots":{"index":"index","follow":"follow","max-snippet":"max-snippet:-1","max-image-preview":"max-image-preview:large","max-video-preview":"max-video-preview:-1"},"canonical":"https:\/\/edituracrimca.ro\/en\/the-constitution-of-the-new-eparchial-assembly-took-place-in-the-archdiocese-of-suceva-and-radautilor\/","og_locale":"en_US","og_type":"article","og_title":"Constituirea noii Adun\u0103ri Eparhiale a avut loc \u00een Arhiepiscopia Sucevei \u0219i R\u0103d\u0103u\u021bilor","og_description":"S\u00e2mb\u0103t\u0103, 4 iunie 2022, c\u00e2nd Biserica Ortodox\u0103 \u00eei pr\u0103znuie\u0219te pe Sfin\u021bii Martiri de la Niculi\u021bel, Zotic, Atal, Camasie \u015fi Filip, \u00een Sala \u201ePimen Arhiepiscopul\u201d a Centrului Eparhial a avut loc [&hellip;]","og_url":"https:\/\/edituracrimca.ro\/en\/the-constitution-of-the-new-eparchial-assembly-took-place-in-the-archdiocese-of-suceva-and-radautilor\/","og_site_name":"Editura CRIMCA","article_publisher":"https:\/\/web.facebook.com\/EdCrimca","article_published_time":"2022-06-04T16:15:42+00:00","og_image":[{"width":2048,"height":1304,"url":"https:\/\/edituracrimca.ro\/wp-content\/uploads\/2026\/04\/IMG_5086-2.jpg","type":"image\/jpeg"}],"author":"Redac\u021bia Crimca","twitter_card":"summary_large_image","twitter_misc":{"Written by":"Redac\u021bia Crimca","Est. reading time":"10 minutes"},"schema":{"@context":"https:\/\/schema.org","@graph":[{"@type":"Article","@id":"https:\/\/edituracrimca.ro\/constituirea-noii-adunari-eparhiale-a-avut-loc-in-arhiepiscopia-sucevei-si-radautilor\/#article","isPartOf":{"@id":"https:\/\/edituracrimca.ro\/constituirea-noii-adunari-eparhiale-a-avut-loc-in-arhiepiscopia-sucevei-si-radautilor\/"},"author":{"name":"Redac\u021bia Crimca","@id":"https:\/\/edituracrimca.ro\/#\/schema\/person\/5b7f887204bde5d4dbc2b5c8bb69494d"},"headline":"Constituirea noii Adun\u0103ri Eparhiale a avut loc \u00een Arhiepiscopia Sucevei \u0219i R\u0103d\u0103u\u021bilor","datePublished":"2022-06-04T16:15:42+00:00","mainEntityOfPage":{"@id":"https:\/\/edituracrimca.ro\/constituirea-noii-adunari-eparhiale-a-avut-loc-in-arhiepiscopia-sucevei-si-radautilor\/"},"wordCount":1961,"commentCount":0,"publisher":{"@id":"https:\/\/edituracrimca.ro\/#organization"},"image":{"@id":"https:\/\/edituracrimca.ro\/constituirea-noii-adunari-eparhiale-a-avut-loc-in-arhiepiscopia-sucevei-si-radautilor\/#primaryimage"},"thumbnailUrl":"https:\/\/edituracrimca.ro\/wp-content\/uploads\/2026\/04\/IMG_5086-2.jpg","articleSection":["Articole"],"inLanguage":"en-US","potentialAction":[{"@type":"CommentAction","name":"Comment","target":["https:\/\/edituracrimca.ro\/constituirea-noii-adunari-eparhiale-a-avut-loc-in-arhiepiscopia-sucevei-si-radautilor\/#respond"]}]},{"@type":"WebPage","@id":"https:\/\/edituracrimca.ro\/constituirea-noii-adunari-eparhiale-a-avut-loc-in-arhiepiscopia-sucevei-si-radautilor\/","url":"https:\/\/edituracrimca.ro\/constituirea-noii-adunari-eparhiale-a-avut-loc-in-arhiepiscopia-sucevei-si-radautilor\/","name":"The constitution of the new Eparchial Assembly took place in the Archdiocese of Suceava and R\u0103d\u0103u\u021bilor - Editura CRIMCA","isPartOf":{"@id":"https:\/\/edituracrimca.ro\/#website"},"primaryImageOfPage":{"@id":"https:\/\/edituracrimca.ro\/constituirea-noii-adunari-eparhiale-a-avut-loc-in-arhiepiscopia-sucevei-si-radautilor\/#primaryimage"},"image":{"@id":"https:\/\/edituracrimca.ro\/constituirea-noii-adunari-eparhiale-a-avut-loc-in-arhiepiscopia-sucevei-si-radautilor\/#primaryimage"},"thumbnailUrl":"https:\/\/edituracrimca.ro\/wp-content\/uploads\/2026\/04\/IMG_5086-2.jpg","datePublished":"2022-06-04T16:15:42+00:00","breadcrumb":{"@id":"https:\/\/edituracrimca.ro\/constituirea-noii-adunari-eparhiale-a-avut-loc-in-arhiepiscopia-sucevei-si-radautilor\/#breadcrumb"},"inLanguage":"en-US","potentialAction":[{"@type":"ReadAction","target":["https:\/\/edituracrimca.ro\/constituirea-noii-adunari-eparhiale-a-avut-loc-in-arhiepiscopia-sucevei-si-radautilor\/"]}]},{"@type":"ImageObject","inLanguage":"en-US","@id":"https:\/\/edituracrimca.ro\/constituirea-noii-adunari-eparhiale-a-avut-loc-in-arhiepiscopia-sucevei-si-radautilor\/#primaryimage","url":"https:\/\/edituracrimca.ro\/wp-content\/uploads\/2026\/04\/IMG_5086-2.jpg","contentUrl":"https:\/\/edituracrimca.ro\/wp-content\/uploads\/2026\/04\/IMG_5086-2.jpg","width":2048,"height":1304},{"@type":"BreadcrumbList","@id":"https:\/\/edituracrimca.ro\/constituirea-noii-adunari-eparhiale-a-avut-loc-in-arhiepiscopia-sucevei-si-radautilor\/#breadcrumb","itemListElement":[{"@type":"ListItem","position":1,"name":"Prima pagin\u0103","item":"https:\/\/edituracrimca.ro\/"},{"@type":"ListItem","position":2,"name":"Constituirea noii Adun\u0103ri Eparhiale a avut loc \u00een Arhiepiscopia Sucevei \u0219i R\u0103d\u0103u\u021bilor"}]},{"@type":"WebSite","@id":"https:\/\/edituracrimca.ro\/#website","url":"https:\/\/edituracrimca.ro\/","name":"CRIMCA Publishing House","description":"The Word that Builds","publisher":{"@id":"https:\/\/edituracrimca.ro\/#organization"},"potentialAction":[{"@type":"SearchAction","target":{"@type":"EntryPoint","urlTemplate":"https:\/\/edituracrimca.ro\/?s={search_term_string}"},"query-input":{"@type":"PropertyValueSpecification","valueRequired":true,"valueName":"search_term_string"}}],"inLanguage":"en-US"},{"@type":"Organization","@id":"https:\/\/edituracrimca.ro\/#organization","name":"CRIMCA Publishing House","url":"https:\/\/edituracrimca.ro\/","logo":{"@type":"ImageObject","inLanguage":"en-US","@id":"https:\/\/edituracrimca.ro\/#\/schema\/logo\/image\/","url":"https:\/\/edituracrimca.ro\/wp-content\/uploads\/2026\/04\/editura-crimca.svg","contentUrl":"https:\/\/edituracrimca.ro\/wp-content\/uploads\/2026\/04\/editura-crimca.svg","width":601,"height":206,"caption":"Editura CRIMCA"},"image":{"@id":"https:\/\/edituracrimca.ro\/#\/schema\/logo\/image\/"},"sameAs":["https:\/\/web.facebook.com\/EdCrimca","https:\/\/www.instagram.com\/jurnalculturalcrimca\/"]},{"@type":"Person","@id":"https:\/\/edituracrimca.ro\/#\/schema\/person\/5b7f887204bde5d4dbc2b5c8bb69494d","name":"Crimca Newsroom","image":{"@type":"ImageObject","inLanguage":"en-US","@id":"https:\/\/secure.gravatar.com\/avatar\/6601f5df8e430f79765c73046ffb89c63ac0d515cb35f47fb5cc9d2386d86ba8?s=96&d=mm&r=g","url":"https:\/\/secure.gravatar.com\/avatar\/6601f5df8e430f79765c73046ffb89c63ac0d515cb35f47fb5cc9d2386d86ba8?s=96&d=mm&r=g","contentUrl":"https:\/\/secure.gravatar.com\/avatar\/6601f5df8e430f79765c73046ffb89c63ac0d515cb35f47fb5cc9d2386d86ba8?s=96&d=mm&r=g","caption":"Redac\u021bia Crimca"},"sameAs":["https:\/\/edituracrimca.ro"],"url":"https:\/\/edituracrimca.ro\/en\/author\/admin_lmlz7ose\/"}]}},"_links":{"self":[{"href":"https:\/\/edituracrimca.ro\/en\/wp-json\/wp\/v2\/posts\/3279","targetHints":{"allow":["GET"]}}],"collection":[{"href":"https:\/\/edituracrimca.ro\/en\/wp-json\/wp\/v2\/posts"}],"about":[{"href":"https:\/\/edituracrimca.ro\/en\/wp-json\/wp\/v2\/types\/post"}],"author":[{"embeddable":true,"href":"https:\/\/edituracrimca.ro\/en\/wp-json\/wp\/v2\/users\/1"}],"replies":[{"embeddable":true,"href":"https:\/\/edituracrimca.ro\/en\/wp-json\/wp\/v2\/comments?post=3279"}],"version-history":[{"count":0,"href":"https:\/\/edituracrimca.ro\/en\/wp-json\/wp\/v2\/posts\/3279\/revisions"}],"wp:featuredmedia":[{"embeddable":true,"href":"https:\/\/edituracrimca.ro\/en\/wp-json\/wp\/v2\/media\/3280"}],"wp:attachment":[{"href":"https:\/\/edituracrimca.ro\/en\/wp-json\/wp\/v2\/media?parent=3279"}],"wp:term":[{"taxonomy":"category","embeddable":true,"href":"https:\/\/edituracrimca.ro\/en\/wp-json\/wp\/v2\/categories?post=3279"},{"taxonomy":"post_tag","embeddable":true,"href":"https:\/\/edituracrimca.ro\/en\/wp-json\/wp\/v2\/tags?post=3279"}],"curies":[{"name":"wp","href":"https:\/\/api.w.org\/{rel}","templated":true}]}}